{"id":2810,"date":"2023-09-06T21:24:46","date_gmt":"2023-09-06T19:24:46","guid":{"rendered":"http:\/\/www.parafiabrzezinka.eu\/test3\/?p=2810"},"modified":"2023-09-06T21:26:12","modified_gmt":"2023-09-06T19:26:12","slug":"intencje-mszalne-03-09-2023","status":"publish","type":"post","link":"https:\/\/www.parafiabrzezinka.eu\/test3\/intencje-mszalne-03-09-2023\/","title":{"rendered":"Intencje mszalne 03.09.2023"},"content":{"rendered":"\t\t<div data-elementor-type=\"wp-post\" data-elementor-id=\"2810\" class=\"elementor elementor-2810\">\n\t\t\t\t\t\t<section class=\"elementor-section elementor-top-section elementor-element elementor-element-f87d94b elementor-section-boxed elementor-section-height-default elementor-section-height-default\" data-id=\"f87d94b\" data-element_type=\"section\">\n\t\t\t\t\t\t<div class=\"elementor-container elementor-column-gap-default\">\n\t\t\t\t\t<div class=\"elementor-column elementor-col-100 elementor-top-column elementor-element elementor-element-91207bf\" data-id=\"91207bf\" data-element_type=\"column\">\n\t\t\t<div class=\"elementor-widget-wrap elementor-element-populated\">\n\t\t\t\t\t\t<div class=\"elementor-element elementor-element-5c3d6c6 elementor-widget elementor-widget-heading\" data-id=\"5c3d6c6\" data-element_type=\"widget\" data-widget_type=\"heading.default\">\n\t\t\t\t<div class=\"elementor-widget-container\">\n\t\t\t\t\t<h3 class=\"elementor-heading-title elementor-size-default\">Intencje Mszy \u015awi\u0119tych 3-10 wrze\u015bnia 2023 r.<\/h3>\t\t\t\t<\/div>\n\t\t\t\t<\/div>\n\t\t\t\t\t<\/div>\n\t\t<\/div>\n\t\t\t\t\t<\/div>\n\t\t<\/section>\n\t\t\t\t<section class=\"elementor-section elementor-top-section elementor-element elementor-element-4730f3da elementor-section-boxed elementor-section-height-default elementor-section-height-default\" data-id=\"4730f3da\" data-element_type=\"section\">\n\t\t\t\t\t\t<div class=\"elementor-container elementor-column-gap-default\">\n\t\t\t\t\t<div class=\"elementor-column elementor-col-100 elementor-top-column elementor-element elementor-element-5c7f7af2\" data-id=\"5c7f7af2\" data-element_type=\"column\">\n\t\t\t<div class=\"elementor-widget-wrap elementor-element-populated\">\n\t\t\t\t\t\t<div class=\"elementor-element elementor-element-1272a738 elementor-widget elementor-widget-text-editor\" data-id=\"1272a738\" data-element_type=\"widget\" data-widget_type=\"text-editor.default\">\n\t\t\t\t<div class=\"elementor-widget-container\">\n\t\t\t\t\t\t\t\t\t<table width=\"0\"><tbody><tr><td colspan=\"2\" width=\"690\"><p><strong><u>Niedziela, 3 wrze\u015bnia &#8211; 22 Niedziela Zwyk\u0142a<\/u><\/strong><\/p><\/td><\/tr><tr><td width=\"57\"><p>6.30<\/p><\/td><td width=\"633\"><p>Za + El\u017cbiet\u0119 Penczek &#8211; of. od s\u0105siad\u00f3w<\/p><\/td><\/tr><tr><td width=\"57\"><p>8.00<\/p><\/td><td width=\"633\"><p>Za + Teres\u0119 Nowak na wsp. 70 ur.<\/p><\/td><\/tr><tr><td width=\"57\"><p>9.30<\/p><\/td><td width=\"633\"><p>Do\u017cynki &#8211; Do OB z podzi\u0119kowaniem za tegoroczne zbiory: <br \/>1. W int. rolnik\u00f3w <br \/>2. W int. dzia\u0142kowc\u00f3w ROD \u201eJedno\u015b\u0107\u201d i ROD \u201eIrys\u201d <br \/>3. O \u017cycie wieczne dla ++ dzia\u0142kowc\u00f3w i rolnik\u00f3w, zw\u0142aszcza za + Bernarda Bo\u0142dys<\/p><\/td><\/tr><tr><td width=\"57\"><p>11.15<\/p><\/td><td width=\"633\"><p>O Bo\u017ce b\u0142og. w int. ofiarodawc\u00f3w i budowniczych IV o\u0142tarza Bo\u017cego Cia\u0142a oraz z pro\u015bb\u0105 o rych\u0142\u0105 beatyfikacj\u0119 Czcigodnego S\u0142.B. Augusta kard. Hlonda<\/p><\/td><\/tr><tr><td width=\"57\"><p><em>15.00<\/em><\/p><\/td><td width=\"633\"><p><em>Nieszpory niedzielne<\/em><\/p><\/td><\/tr><tr><td width=\"57\"><p>15.30<\/p><\/td><td width=\"633\"><p>W int. Laury Nied\u017awied\u017a przyjmuj\u0105cej sakr. chrztu \u015bw. oraz jej rodzic\u00f3w i chrzestnych<\/p><\/td><\/tr><tr><td width=\"57\"><p>\u00a0<\/p><\/td><td width=\"633\"><p>\u00a0<\/p><\/td><\/tr><tr><td colspan=\"2\" width=\"690\"><p><strong><u>Poniedzia\u0142ek, 4 wrze\u015bnia<\/u><\/strong><\/p><\/td><\/tr><tr><td width=\"57\"><p>8.00<\/p><\/td><td width=\"633\"><p>O uzdrowienie Agnieszki<\/p><\/td><\/tr><tr><td width=\"57\"><p>9.30<\/p><\/td><td width=\"633\"><p>Do Ducha \u015aw. w intencji uczni\u00f3w Szko\u0142y Podstawowej, ich rodzic\u00f3w oraz nauczycieli i pracownik\u00f3w Szko\u0142y z okazji rozpocz\u0119cia roku szkolnego<\/p><\/td><\/tr><tr><td width=\"57\"><p>18.00<\/p><\/td><td width=\"633\"><p>1. Za + Bogus\u0142aw\u0119 Urbanek, + ojca Paw\u0142a oraz ++ z rodziny<\/p><\/td><\/tr><tr><td width=\"57\"><p>\u00a0<\/p><\/td><td width=\"633\"><p>2. Za + Hildegard\u0119 J\u0119drzejewsk\u0105 w 30 dz. po \u015bm. &#8211; of. od Czcicieli R\u00f3\u017ca\u0144ca \u015aw.<\/p><\/td><\/tr><tr><td width=\"57\"><p>\u00a0<\/p><\/td><td width=\"633\"><p>\u00a0<\/p><\/td><\/tr><tr><td colspan=\"2\" width=\"690\"><p><strong><u>Wtorek, 5 wrze\u015bnia &#8211; wspomnienie \u015bw. Matki Teresy z Kalkuty, dziewicy i zakonnicy<\/u><\/strong><\/p><\/td><\/tr><tr><td width=\"57\"><p>8.00<\/p><\/td><td width=\"633\"><p>1. Za wstawiennictwem Matki Bo\u017cej Piekarskiej w intencji uczestnik\u00f3w sierpniowej pielgrzymki do Piekar \u015al\u0105skich &#8211; of. od pielgrzym\u00f3w<\/p><\/td><\/tr><tr><td width=\"57\"><p>\u00a0<\/p><\/td><td width=\"633\"><p>2. O Bo\u017ce b\u0142ogos\u0142awie\u0144stwo dla Parafian<\/p><\/td><\/tr><tr><td width=\"57\"><p>18.00<\/p><\/td><td width=\"633\"><p>1. Za + Jadwig\u0119 Stolorz na wsp. ur. oraz + m\u0119\u017ca Jerzego<\/p><\/td><\/tr><tr><td width=\"57\"><p>\u00a0<\/p><\/td><td width=\"633\"><p>2. Za + Krystyn\u0119 Jurczyk &#8211; of. od c\u00f3rki z m\u0119\u017cem oraz od wnuczki z m\u0119\u017cem<\/p><\/td><\/tr><tr><td width=\"57\"><p>\u00a0<\/p><\/td><td width=\"633\"><p>\u00a0<\/p><\/td><\/tr><tr><td colspan=\"2\" width=\"690\"><p><strong><u>\u015aroda, <\/u><\/strong><strong><u>6 wrze\u015bnia<\/u><\/strong><\/p><\/td><\/tr><tr><td width=\"57\"><p>8.00<\/p><\/td><td width=\"633\"><p>Ku czci \u015bw. J\u00f3zefa w int. Senior\u00f3w<\/p><\/td><\/tr><tr><td width=\"57\"><p>18.00<\/p><\/td><td width=\"633\"><p>1. Za ++ R\u00f3\u017c\u0119 Zag\u00f3rsk\u0105 na wsp. ur., m\u0119\u017ca Zygmunta, + ostatnio Krystiana Szczot oraz ++ z rodziny<\/p><\/td><\/tr><tr><td width=\"57\"><p>\u00a0<\/p><\/td><td width=\"633\"><p>2. Za + Teres\u0119 Luba\u0144sk\u0105 &#8211; of. od siostry Stefanii<\/p><\/td><\/tr><tr><td width=\"57\"><p>\u00a0<\/p><\/td><td width=\"633\"><p>\u00a0<\/p><\/td><\/tr><tr><td colspan=\"2\" width=\"690\"><p><strong><u>Czwartek, 7 wrze\u015bnia &#8211; wspomnienie \u015bw. Melchiora Grodzieckiego, kap\u0142ana i m\u0119czennika &#8211; I czwartek<\/u><\/strong><\/p><\/td><\/tr><tr><td width=\"57\"><p>8.00<\/p><\/td><td width=\"633\"><p>1. Do Jezusa Chrystusa Najwy\u017cszego Kap\u0142ana w int. Ojca \u015bw., bp\u00f3w, kap\u0142an\u00f3w, kleryk\u00f3w oraz o nowe powo\u0142ania kap\u0142a\u0144skie, zakonne i misyjne<\/p><\/td><\/tr><tr><td width=\"57\"><p>\u00a0<\/p><\/td><td width=\"633\"><p>2. O Bo\u017ce b\u0142ogos\u0142awie\u0144stwo dla Parafian<\/p><\/td><\/tr><tr><td width=\"57\"><p>18.00<\/p><\/td><td width=\"633\"><p>1. Za + Ryszarda Sojka w r. \u015bm., \u017con\u0119 Helen\u0119, rodzic\u00f3w z obu str., ++ z pokrewie\u0144stwa oraz ++ swat\u00f3w Helen\u0119 i J\u00f3zefa S\u0142owik<\/p><\/td><\/tr><tr><td width=\"57\"><p>\u00a0<\/p><\/td><td width=\"633\"><p>2. Za + Krystyn\u0119 Resiak na wsp. ur. oraz + m\u0119\u017ca Jana<\/p><\/td><\/tr><tr><td width=\"57\"><p>\u00a0<\/p><\/td><td width=\"633\"><p>\u00a0<\/p><\/td><\/tr><tr><td colspan=\"2\" width=\"690\"><p><strong><u>Pi\u0105tek, 8 wrze\u015bnia &#8211; \u015bwi\u0119to Narodzenia Naj\u015bwi\u0119tszej Maryi Panny<\/u><\/strong><\/p><\/td><\/tr><tr><td width=\"57\"><p>8.00<\/p><\/td><td width=\"633\"><p>Za ++ Teres\u0119 Sorek w 5 r. \u015bm., m\u0119\u017ca Norberta, ++ siostr\u0119 i brata, rodzic\u00f3w i dziadk\u00f3w z obu str. oraz ++ z rodzin Sorek i Seweryn<\/p><\/td><\/tr><tr><td width=\"57\"><p>16.30<\/p><\/td><td width=\"633\"><p>1. Za ++ Bronis\u0142aw\u0119 Krok, m\u0119\u017ca Jerzego oraz ++ pokrewie\u0144stwo obu str.<\/p><\/td><\/tr><tr><td width=\"57\"><p>\u00a0<\/p><\/td><td width=\"633\"><p>2. Za + Bogus\u0142awa Sumi\u0144skiego w miesi\u0105c po \u015bm. &#8211; of. od syna Roberta z rodzin\u0105<\/p><\/td><\/tr><tr><td width=\"57\"><p>18.00<\/p><\/td><td width=\"633\"><p>Za + Andrzeja Gabryszewskiego w 1 r. \u015bm., ++ rodzic\u00f3w, brata, dziadk\u00f3w i babcie oraz ++ z rodziny Gabryszewski<\/p><\/td><\/tr><tr><td width=\"57\"><p>\u00a0<\/p><\/td><td width=\"633\"><p>\u00a0<\/p><\/td><\/tr><tr><td colspan=\"2\" width=\"690\"><p><strong><u>Sobota, 9 wrze\u015bnia<\/u><\/strong><\/p><\/td><\/tr><tr><td width=\"57\"><p>8.00<\/p><\/td><td width=\"633\"><p>Do Mi\u0142osierdzia Bo\u017cego przez wstaw. MB Bolesnej i \u015bw. J\u00f3zefa o \u0142ask\u0119 szcz\u0119\u015bliwej \u015bmierci dla Cz\u0142onk\u00f3w Apostolstwa Dobrej \u015amierci, ich rodzin i grzesznik\u00f3w ca\u0142ego \u015bwiata<\/p><\/td><\/tr><tr><td width=\"57\"><p>18.00<\/p><\/td><td width=\"633\"><p>1. Za ++ rodzic\u00f3w Jana i Helen\u0119 Senczek, Matyld\u0119 i Franciszka Klejnot, siostr\u0119 Iren\u0119 Janocha oraz swatow\u0105 Ew\u0119 Toczek<\/p><\/td><\/tr><tr><td width=\"57\"><p>\u00a0<\/p><\/td><td width=\"633\"><p>2. Za + Gertrud\u0119 Smalcerz na wsp. 90 ur. &#8211; of. od c\u00f3rek z rodzinami<\/p><\/td><\/tr><tr><td width=\"57\"><p>\u00a0<\/p><\/td><td width=\"633\"><p>\u00a0<\/p><\/td><\/tr><tr><td colspan=\"2\" width=\"690\"><p><strong><u>Niedziela, 10 wrze\u015bnia &#8211; 23 Niedziela Zwyk\u0142a<\/u><\/strong><\/p><\/td><\/tr><tr><td width=\"57\"><p>6.30<\/p><\/td><td width=\"633\"><p>O Bo\u017ce b\u0142ogos\u0142awie\u0144stwo dla Parafian<\/p><\/td><\/tr><tr><td width=\"57\"><p>8.00<\/p><\/td><td width=\"633\"><p>Za ++ Stefani\u0119 Krakowsk\u0105 w 40 r. \u015bm., m\u0119\u017ca W\u0142adys\u0142awa w 37 r. \u015bm., ++ dziadk\u00f3w Kraj i Krakowski<\/p><\/td><\/tr><tr><td width=\"57\"><p>9.30<\/p><\/td><td width=\"633\"><p>Za ++ Lidi\u0119 i Jerzego Hiacent<\/p><\/td><\/tr><tr><td width=\"57\"><p>11.15<\/p><\/td><td width=\"633\"><p>1. Do OB przez wstaw. MB i \u015bw. Cecylii z podz. za otrzymane dary z pro\u015bb\u0105 o dalsze Bo\u017ce b\u0142og., zdrowie i potrzebne \u0142aski dla cz\u0142onk\u00f3w Ch\u00f3ru <em>Familia<\/em> w 19 r. powstania oraz w int. ich rodzin<\/p><\/td><\/tr><tr><td width=\"57\"><p>\u00a0<\/p><\/td><td width=\"633\"><p>2. Do OB przez wstaw. MB i \u015bw. Jadwigi kr\u00f3lowej z podzi\u0119kowaniem za otrzymane \u0142aski z pro\u015bb\u0105 o dalsze Bo\u017ce b\u0142og., zdrowie i dary Ducha \u015aw. w int. S. Moniki (katechetki) z ok. ur.<\/p><\/td><\/tr><tr><td width=\"57\"><p><em>15.00<\/em><\/p><\/td><td width=\"633\"><p><em>Nieszpory niedzielne<\/em><\/p><\/td><\/tr><tr><td width=\"57\"><p>15.30<\/p><\/td><td width=\"633\"><p>Do OB przez wstaw. MB z podzi\u0119kowaniem za otrzymane dary z pro\u015bb\u0105 o dalsze Bo\u017ce b\u0142ogos\u0142awie\u0144stwo, zdrowie i potrzebne \u0142aski w int. Barbary Pary\u017c z ok. 60 ur.<\/p><\/td><\/tr><\/tbody><\/table>\t\t\t\t\t\t\t\t<\/div>\n\t\t\t\t<\/div>\n\t\t\t\t\t<\/div>\n\t\t<\/div>\n\t\t\t\t\t<\/div>\n\t\t<\/section>\n\t\t\t\t<\/div>\n\t\t","protected":false},"excerpt":{"rendered":"<p>Intencje Mszy \u015awi\u0119tych 3-10 wrze\u015bnia 2023 r. Niedziela, 3 wrze\u015bnia &#8211; 22 Niedziela Zwyk\u0142a 6.30 Za + El\u017cbiet\u0119 Penczek &#8211; of. od s\u0105siad\u00f3w 8.00 Za + Teres\u0119 Nowak na wsp. 70 ur. 9.30 Do\u017cynki &#8211; Do OB z podzi\u0119kowaniem za tegoroczne zbiory: 1. W int. rolnik\u00f3w 2. W int. dzia\u0142kowc\u00f3w ROD \u201eJedno\u015b\u0107\u201d i ROD \u201eIrys\u201d [&hellip;]<\/p>\n","protected":false},"author":2,"featured_media":1868,"comment_status":"closed","ping_status":"open","sticky":false,"template":"","format":"standard","meta":{"_uag_custom_page_level_css":"","site-sidebar-layout":"default","site-content-layout":"","ast-site-content-layout":"normal-width-container","site-content-style":"default","site-sidebar-style":"default","ast-global-header-display":"","ast-banner-title-visibility":"","ast-main-header-display":"","ast-hfb-above-header-display":"","ast-hfb-below-header-display":"","ast-hfb-mobile-header-display":"","site-post-title":"","ast-breadcrumbs-content":"","ast-featured-img":"","footer-sml-layout":"","ast-disable-related-posts":"","theme-transparent-header-meta":"disabled","adv-header-id-meta":"","stick-header-meta":"","header-above-stick-meta":"","header-main-stick-meta":"","header-below-stick-meta":"","astra-migrate-meta-layouts":"set","ast-page-background-enabled":"default","ast-page-background-meta":{"desktop":{"background-color":"","background-image":"","background-repeat":"repeat","background-position":"center center","background-size":"auto","background-attachment":"scroll","background-type":"","background-media":"","overlay-type":"","overlay-color":"","overlay-opacity":"","overlay-gradient":""},"tablet":{"background-color":"","background-image":"","background-repeat":"repeat","background-position":"center center","background-size":"auto","background-attachment":"scroll","background-type":"","background-media":"","overlay-type":"","overlay-color":"","overlay-opacity":"","overlay-gradient":""},"mobile":{"background-color":"","background-image":"","background-repeat":"repeat","background-position":"center center","background-size":"auto","background-attachment":"scroll","background-type":"","background-media":"","overlay-type":"","overlay-color":"","overlay-opacity":"","overlay-gradient":""}},"ast-content-background-meta":{"desktop":{"background-color":"var(--ast-global-color-5)","background-image":"","background-repeat":"repeat","background-position":"center center","background-size":"auto","background-attachment":"scroll","background-type":"","background-media":"","overlay-type":"","overlay-color":"","overlay-opacity":"","overlay-gradient":""},"tablet":{"background-color":"var(--ast-global-color-5)","background-image":"","background-repeat":"repeat","background-position":"center center","background-size":"auto","background-attachment":"scroll","background-type":"","background-media":"","overlay-type":"","overlay-color":"","overlay-opacity":"","overlay-gradient":""},"mobile":{"background-color":"var(--ast-global-color-5)","background-image":"","background-repeat":"repeat","background-position":"center center","background-size":"auto","background-attachment":"scroll","background-type":"","background-media":"","overlay-type":"","overlay-color":"","overlay-opacity":"","overlay-gradient":""}},"footnotes":""},"categories":[8],"tags":[],"uagb_featured_image_src":{"full":["https:\/\/www.parafiabrzezinka.eu\/test3\/wp-content\/uploads\/2023\/07\/intencje.jpg",900,576,false],"thumbnail":["https:\/\/www.parafiabrzezinka.eu\/test3\/wp-content\/uploads\/2023\/07\/intencje-150x150.jpg",150,150,true],"medium":["https:\/\/www.parafiabrzezinka.eu\/test3\/wp-content\/uploads\/2023\/07\/intencje-300x192.jpg",300,192,true],"medium_large":["https:\/\/www.parafiabrzezinka.eu\/test3\/wp-content\/uploads\/2023\/07\/intencje-768x492.jpg",768,492,true],"large":["https:\/\/www.parafiabrzezinka.eu\/test3\/wp-content\/uploads\/2023\/07\/intencje.jpg",900,576,false],"1536x1536":["https:\/\/www.parafiabrzezinka.eu\/test3\/wp-content\/uploads\/2023\/07\/intencje.jpg",900,576,false],"2048x2048":["https:\/\/www.parafiabrzezinka.eu\/test3\/wp-content\/uploads\/2023\/07\/intencje.jpg",900,576,false]},"uagb_author_info":{"display_name":"Andrzej Hoinkis","author_link":"https:\/\/www.parafiabrzezinka.eu\/test3\/author\/ahoinkis\/"},"uagb_comment_info":0,"uagb_excerpt":"Intencje Mszy \u015awi\u0119tych 3-10 wrze\u015bnia 2023 r. Niedziela, 3 wrze\u015bnia &#8211; 22 Niedziela Zwyk\u0142a 6.30 Za + El\u017cbiet\u0119 Penczek &#8211; of. od s\u0105siad\u00f3w 8.00 Za + Teres\u0119 Nowak na wsp. 70 ur. 9.30 Do\u017cynki &#8211; Do OB z podzi\u0119kowaniem za tegoroczne zbiory: 1. W int. rolnik\u00f3w 2. W int. dzia\u0142kowc\u00f3w ROD \u201eJedno\u015b\u0107\u201d i ROD \u201eIrys\u201d&hellip;","_links":{"self":[{"href":"https:\/\/www.parafiabrzezinka.eu\/test3\/wp-json\/wp\/v2\/posts\/2810"}],"collection":[{"href":"https:\/\/www.parafiabrzezinka.eu\/test3\/wp-json\/wp\/v2\/posts"}],"about":[{"href":"https:\/\/www.parafiabrzezinka.eu\/test3\/wp-json\/wp\/v2\/types\/post"}],"author":[{"embeddable":true,"href":"https:\/\/www.parafiabrzezinka.eu\/test3\/wp-json\/wp\/v2\/users\/2"}],"replies":[{"embeddable":true,"href":"https:\/\/www.parafiabrzezinka.eu\/test3\/wp-json\/wp\/v2\/comments?post=2810"}],"version-history":[{"count":4,"href":"https:\/\/www.parafiabrzezinka.eu\/test3\/wp-json\/wp\/v2\/posts\/2810\/revisions"}],"predecessor-version":[{"id":2814,"href":"https:\/\/www.parafiabrzezinka.eu\/test3\/wp-json\/wp\/v2\/posts\/2810\/revisions\/2814"}],"wp:featuredmedia":[{"embeddable":true,"href":"https:\/\/www.parafiabrzezinka.eu\/test3\/wp-json\/wp\/v2\/media\/1868"}],"wp:attachment":[{"href":"https:\/\/www.parafiabrzezinka.eu\/test3\/wp-json\/wp\/v2\/media?parent=2810"}],"wp:term":[{"taxonomy":"category","embeddable":true,"href":"https:\/\/www.parafiabrzezinka.eu\/test3\/wp-json\/wp\/v2\/categories?post=2810"},{"taxonomy":"post_tag","embeddable":true,"href":"https:\/\/www.parafiabrzezinka.eu\/test3\/wp-json\/wp\/v2\/tags?post=2810"}],"curies":[{"name":"wp","href":"https:\/\/api.w.org\/{rel}","templated":true}]}}