{"id":2804,"date":"2023-09-06T21:21:09","date_gmt":"2023-09-06T19:21:09","guid":{"rendered":"http:\/\/www.parafiabrzezinka.eu\/test3\/?p=2804"},"modified":"2023-09-06T21:23:51","modified_gmt":"2023-09-06T19:23:51","slug":"intencje-mszalne-27-08-2023","status":"publish","type":"post","link":"https:\/\/www.parafiabrzezinka.eu\/test3\/intencje-mszalne-27-08-2023\/","title":{"rendered":"Intencje mszalne 27.08.2023"},"content":{"rendered":"\t\t<div data-elementor-type=\"wp-post\" data-elementor-id=\"2804\" class=\"elementor elementor-2804\">\n\t\t\t\t\t\t<section class=\"elementor-section elementor-top-section elementor-element elementor-element-f87d94b elementor-section-boxed elementor-section-height-default elementor-section-height-default\" data-id=\"f87d94b\" data-element_type=\"section\">\n\t\t\t\t\t\t<div class=\"elementor-container elementor-column-gap-default\">\n\t\t\t\t\t<div class=\"elementor-column elementor-col-100 elementor-top-column elementor-element elementor-element-91207bf\" data-id=\"91207bf\" data-element_type=\"column\">\n\t\t\t<div class=\"elementor-widget-wrap elementor-element-populated\">\n\t\t\t\t\t\t<div class=\"elementor-element elementor-element-5c3d6c6 elementor-widget elementor-widget-heading\" data-id=\"5c3d6c6\" data-element_type=\"widget\" data-widget_type=\"heading.default\">\n\t\t\t\t<div class=\"elementor-widget-container\">\n\t\t\t\t\t<h3 class=\"elementor-heading-title elementor-size-default\">Intencje Mszy \u015awi\u0119tych 27 sierpnia - 3 wrze\u015bnia 2023 r.<\/h3>\t\t\t\t<\/div>\n\t\t\t\t<\/div>\n\t\t\t\t\t<\/div>\n\t\t<\/div>\n\t\t\t\t\t<\/div>\n\t\t<\/section>\n\t\t\t\t<section class=\"elementor-section elementor-top-section elementor-element elementor-element-4730f3da elementor-section-boxed elementor-section-height-default elementor-section-height-default\" data-id=\"4730f3da\" data-element_type=\"section\">\n\t\t\t\t\t\t<div class=\"elementor-container elementor-column-gap-default\">\n\t\t\t\t\t<div class=\"elementor-column elementor-col-100 elementor-top-column elementor-element elementor-element-5c7f7af2\" data-id=\"5c7f7af2\" data-element_type=\"column\">\n\t\t\t<div class=\"elementor-widget-wrap elementor-element-populated\">\n\t\t\t\t\t\t<div class=\"elementor-element elementor-element-1272a738 elementor-widget elementor-widget-text-editor\" data-id=\"1272a738\" data-element_type=\"widget\" data-widget_type=\"text-editor.default\">\n\t\t\t\t<div class=\"elementor-widget-container\">\n\t\t\t\t\t\t\t\t\t<table width=\"0\"><tbody><tr><td colspan=\"2\" width=\"690\"><p><strong><u>Niedziela, 27 sierpnia &#8211; 21 Niedziela Zwyk\u0142a<\/u><\/strong><\/p><\/td><\/tr><tr><td width=\"57\"><p>6.30<\/p><\/td><td width=\"633\"><p>Za + Wies\u0142awa w 1 r. \u015bm.<\/p><\/td><\/tr><tr><td width=\"57\"><p>8.00<\/p><\/td><td width=\"633\"><p>Za + Stefana Kurek w r. \u015bm. &#8211; of. od c\u00f3rki<\/p><\/td><\/tr><tr><td width=\"57\"><p>9.30<\/p><\/td><td width=\"633\"><p>Za + Danut\u0119 Kania w 20 r. \u015bm., ++ m\u0119\u017ca Paw\u0142a i ojca Benedykta<\/p><\/td><\/tr><tr><td width=\"57\"><p>11.15<\/p><\/td><td width=\"633\"><p>Za ++ Cecyli\u0119 i Mariana Resiak, syna Czes\u0142awa oraz ++ z rodzin Lasok i Resiak<\/p><\/td><\/tr><tr><td width=\"57\"><p>13.00<\/p><\/td><td width=\"633\"><p>Msza \u015bw. \u015blubna: Konrad Stencel &#8211; Paulina Nigiel<\/p><\/td><\/tr><tr><td width=\"57\"><p><em>15.00<\/em><\/p><\/td><td width=\"633\"><p><em>Nieszpory niedzielne<\/em><\/p><\/td><\/tr><tr><td width=\"57\"><p>15.30<\/p><\/td><td width=\"633\"><p>Do OB przez wstaw. MB z podz. za otrzymane \u0142aski z pro\u015bb\u0105 o dalsze Bo\u017ce b\u0142., zdrowie i dary Ducha \u015aw. w int. Teresy, Anny, \u0141ucji, Filipa oraz Karola Kacperskich z ok. ur.<\/p><\/td><\/tr><tr><td width=\"57\"><p>\u00a0<\/p><\/td><td width=\"633\"><p>\u00a0<\/p><\/td><\/tr><tr><td colspan=\"2\" width=\"690\"><p><strong><u>Poniedzia\u0142ek, 28 sierpnia &#8211; wspomnienie \u015bw. Augustyna, biskupa i doktora Ko\u015bcio\u0142a<\/u><\/strong><\/p><\/td><\/tr><tr><td width=\"57\"><p>8.00<\/p><\/td><td width=\"633\"><p>Za + ks. Franciszka Strz\u00f3dk\u0119 w r. \u015bm.<\/p><\/td><\/tr><tr><td width=\"57\"><p>18.00<\/p><\/td><td width=\"633\"><p>Za + Stanis\u0142awa Ry\u015b, ++ rodzic\u00f3w obu stron i ++ zi\u0119ci\u00f3w Ryszarda Janus i Edwarda Roj<\/p><\/td><\/tr><tr><td width=\"57\"><p>\u00a0<\/p><\/td><td width=\"633\"><p>\u00a0<\/p><\/td><\/tr><tr><td colspan=\"2\" width=\"690\"><p><strong><u>Wtorek, 29 sierpnia &#8211; wspomnienie M\u0119cze\u0144stwa \u015bw. Jana Chrzciciela<\/u><\/strong><\/p><\/td><\/tr><tr><td width=\"57\"><p>8.00<\/p><\/td><td width=\"633\"><p>Za + Ferdynanda W\u00f3jciak w 1 r. \u015bm. &#8211; of. od \u017cony<\/p><\/td><\/tr><tr><td width=\"57\"><p>18.00<\/p><\/td><td width=\"633\"><p>Za ++ Paw\u0142a i Franciszk\u0119 Musio\u0142 w kolejne r. \u015bm. oraz + syna Stanis\u0142awa<\/p><\/td><\/tr><tr><td width=\"57\"><p>\u00a0<\/p><\/td><td width=\"633\"><p>\u00a0<\/p><\/td><\/tr><tr><td colspan=\"2\" width=\"690\"><p><strong><u>\u015aroda, 30 sierpnia<\/u><\/strong><\/p><\/td><\/tr><tr><td width=\"57\"><p>8.00<\/p><\/td><td width=\"633\"><p>1. Za ++ Mart\u0119 Szo\u0142tys w r. \u015bm., m\u0119\u017ca Feliksa, rodzic\u00f3w z obu str., rodze\u0144stwo oraz ++ z rodzin Piwko i Szo\u0142tys<\/p><\/td><\/tr><tr><td width=\"57\"><p>\u00a0<\/p><\/td><td width=\"633\"><p>2. Za ++ Franciszka Piwko, \u017con\u0119 Wiktori\u0119, 2 c\u00f3rki, syna, synow\u0105, 3 zi\u0119ci\u00f3w, wnuka i prawnuka oraz ++ z rodzin Piwko i Reczek<\/p><\/td><\/tr><tr><td width=\"57\"><p>18.00<\/p><\/td><td width=\"633\"><p>1. Za ++ Wilhelma Du\u017cy, \u017con\u0119 Gertrud\u0119, ++ rodzic\u00f3w i rodze\u0144stwo obu stron, dusze w cz. cierp.<\/p><\/td><\/tr><tr><td width=\"57\"><p>\u00a0<\/p><\/td><td width=\"633\"><p>2. Za + Eugeniusza Sudo\u0142 w 30 dz. po \u015bm. &#8211; of. od Czcicieli R\u00f3\u017ca\u0144ca \u015aw.<\/p><\/td><\/tr><tr><td width=\"57\"><p>\u00a0<\/p><\/td><td width=\"633\"><p>\u00a0<\/p><\/td><\/tr><tr><td colspan=\"2\" width=\"690\"><p><strong><u>Czwartek, 31 sierpnia<\/u><\/strong><\/p><\/td><\/tr><tr><td width=\"57\"><p>8.00<\/p><\/td><td width=\"633\"><p>1. Za ++ J\u00f3zefa i Helen\u0119 Hajduk, syna Jana, c\u00f3rk\u0119 Barbar\u0119, zi\u0119cia Henryka oraz ++ z rodziny oraz dusze w czy\u015b\u0107cu cierpi\u0105ce<\/p><\/td><\/tr><tr><td width=\"57\"><p>\u00a0<\/p><\/td><td width=\"633\"><p>2. Za + Dagmar\u0119 Pelon &#8211; of. od rodziny Chowa\u0144c\u00f3w z Bukowiny Tatrza\u0144skiej<\/p><\/td><\/tr><tr><td width=\"57\"><p>18.00<\/p><\/td><td width=\"633\"><p>Do OB przez wstaw. MB z podz. za otrz. dary z pro\u015bb\u0105 o dalsze Bo\u017ce b\u0142og., zdrowie i potrz. \u0142aski dla Ma\u0142gorzaty Bieckiej z ok. 85 ur. oraz o Bo\u017ce b\u0142og. i zdrowie dla dzieci z rodzinami<\/p><\/td><\/tr><tr><td width=\"57\"><p>\u00a0<\/p><\/td><td width=\"633\"><p>\u00a0<\/p><\/td><\/tr><tr><td colspan=\"2\" width=\"690\"><p><strong><u>Pi\u0105tek, 1 wrze\u015bnia &#8211; I pi\u0105tek<\/u><\/strong><\/p><\/td><\/tr><tr><td width=\"57\"><p>8.00<\/p><\/td><td width=\"633\"><p>Do Naj\u015bwi\u0119tszego Serca Pana Jezusa w int. Czcicieli i Rodzin naszej Parafii<\/p><\/td><\/tr><tr><td width=\"57\"><p>18.00<\/p><\/td><td width=\"633\"><p>1. Za ++ Ludwika Duda w r. \u015bm. oraz \u017con\u0119 Mart\u0119<\/p><p>2. Za + Adama \u0141yp w r. \u015bm. oraz ++ z rodziny<\/p><\/td><\/tr><tr><td width=\"57\"><p>\u00a0<\/p><\/td><td width=\"633\"><p>\u00a0<\/p><\/td><\/tr><tr><td colspan=\"2\" width=\"690\"><p><strong><u>Sobota, 2 wrze\u015bnia &#8211; I sobota<\/u><\/strong><\/p><\/td><\/tr><tr><td width=\"57\"><p>8.00<\/p><\/td><td width=\"633\"><p>Ku czci Niepokalanego Serca NMP w int. Czcicieli R\u00f3\u017ca\u0144ca \u015awi\u0119tego, \u015awieckiej Rodziny b\u0142. Edmunda Bojanowskiego i ich rodzin &#8211; int. wynagr. za zniewagi przeciw Dziewictwu NMP<\/p><\/td><\/tr><tr><td width=\"57\"><p>15.00<\/p><\/td><td width=\"633\"><p>Do OB przez wstawiennictwo \u015bwi\u0119tej Rodziny w intencji ma\u0142\u017conk\u00f3w Ewy i Bogdana Jany prze\u017cywaj\u0105cych 25 r. \u015blubu oraz o Bo\u017ce b\u0142ogos\u0142awie\u0144stwo dla rodziny<\/p><\/td><\/tr><tr><td width=\"57\"><p>18.00<\/p><\/td><td width=\"633\"><p>Za ++ Henryka Dolina w r. \u015bm. oraz \u017con\u0119 Mari\u0119<\/p><\/td><\/tr><tr><td width=\"57\"><p>\u00a0<\/p><\/td><td width=\"633\"><p>\u00a0<\/p><\/td><\/tr><tr><td colspan=\"2\" width=\"690\"><p><strong><u>Niedziela, 3 wrze\u015bnia &#8211; 22 Niedziela Zwyk\u0142a<\/u><\/strong><\/p><\/td><\/tr><tr><td width=\"57\"><p>6.30<\/p><\/td><td width=\"633\"><p>Za + El\u017cbiet\u0119 Penczek &#8211; of. od s\u0105siad\u00f3w<\/p><\/td><\/tr><tr><td width=\"57\"><p>8.00<\/p><\/td><td width=\"633\"><p>Za + Teres\u0119 Nowak na wsp. 70 ur.<\/p><\/td><\/tr><tr><td width=\"57\"><p>9.30<\/p><\/td><td width=\"633\"><p>Do\u017cynki &#8211; Do OB z podzi\u0119kowaniem za tegoroczne zbiory:<br \/>1. W int. rolnik\u00f3w<br \/>2. W int. dzia\u0142kowc\u00f3w ROD &#8222;Jedno\u015b\u0107&#8221; i &#8222;Irys&#8221;<br \/>3. O \u017cycie wieczne dla ++ dzia\u0142kowc\u00f3w i rolnik\u00f3w, zw\u0142aszcza za + Bernarda Bo\u0142dysa<\/p><\/td><\/tr><tr><td width=\"57\"><p>11.15<\/p><\/td><td width=\"633\"><p>O Bo\u017ce b\u0142og. w int. ofiarodawc\u00f3w i budowniczych IV o\u0142tarza Bo\u017cego Cia\u0142a oraz z pro\u015bb\u0105 o rych\u0142\u0105 beatyfikacj\u0119 Czcigodnego S\u0142. B. Augusta kard. Hlonda<\/p><\/td><\/tr><tr><td width=\"57\"><p><em>15.00<\/em><\/p><\/td><td width=\"633\"><p><em>Nieszpory niedzielne<\/em><\/p><\/td><\/tr><tr><td width=\"57\"><p>15.30<\/p><\/td><td width=\"633\"><p>W int. Laury Nied\u017awied\u017a przyjmuj\u0105cej sakr. chrztu \u015bw. oraz jej rodzic\u00f3w i chrzestnych<\/p><\/td><\/tr><\/tbody><\/table>\t\t\t\t\t\t\t\t<\/div>\n\t\t\t\t<\/div>\n\t\t\t\t\t<\/div>\n\t\t<\/div>\n\t\t\t\t\t<\/div>\n\t\t<\/section>\n\t\t\t\t<\/div>\n\t\t","protected":false},"excerpt":{"rendered":"<p>Intencje Mszy \u015awi\u0119tych 27 sierpnia &#8211; 3 wrze\u015bnia 2023 r. Niedziela, 27 sierpnia &#8211; 21 Niedziela Zwyk\u0142a 6.30 Za + Wies\u0142awa w 1 r. \u015bm. 8.00 Za + Stefana Kurek w r. \u015bm. &#8211; of. od c\u00f3rki 9.30 Za + Danut\u0119 Kania w 20 r. \u015bm., ++ m\u0119\u017ca Paw\u0142a i ojca Benedykta 11.15 Za ++ [&hellip;]<\/p>\n","protected":false},"author":2,"featured_media":1868,"comment_status":"closed","ping_status":"open","sticky":false,"template":"","format":"standard","meta":{"_uag_custom_page_level_css":"","site-sidebar-layout":"default","site-content-layout":"","ast-site-content-layout":"normal-width-container","site-content-style":"default","site-sidebar-style":"default","ast-global-header-display":"","ast-banner-title-visibility":"","ast-main-header-display":"","ast-hfb-above-header-display":"","ast-hfb-below-header-display":"","ast-hfb-mobile-header-display":"","site-post-title":"","ast-breadcrumbs-content":"","ast-featured-img":"","footer-sml-layout":"","ast-disable-related-posts":"","theme-transparent-header-meta":"disabled","adv-header-id-meta":"","stick-header-meta":"","header-above-stick-meta":"","header-main-stick-meta":"","header-below-stick-meta":"","astra-migrate-meta-layouts":"set","ast-page-background-enabled":"default","ast-page-background-meta":{"desktop":{"background-color":"","background-image":"","background-repeat":"repeat","background-position":"center center","background-size":"auto","background-attachment":"scroll","background-type":"","background-media":"","overlay-type":"","overlay-color":"","overlay-opacity":"","overlay-gradient":""},"tablet":{"background-color":"","background-image":"","background-repeat":"repeat","background-position":"center center","background-size":"auto","background-attachment":"scroll","background-type":"","background-media":"","overlay-type":"","overlay-color":"","overlay-opacity":"","overlay-gradient":""},"mobile":{"background-color":"","background-image":"","background-repeat":"repeat","background-position":"center center","background-size":"auto","background-attachment":"scroll","background-type":"","background-media":"","overlay-type":"","overlay-color":"","overlay-opacity":"","overlay-gradient":""}},"ast-content-background-meta":{"desktop":{"background-color":"var(--ast-global-color-5)","background-image":"","background-repeat":"repeat","background-position":"center center","background-size":"auto","background-attachment":"scroll","background-type":"","background-media":"","overlay-type":"","overlay-color":"","overlay-opacity":"","overlay-gradient":""},"tablet":{"background-color":"var(--ast-global-color-5)","background-image":"","background-repeat":"repeat","background-position":"center center","background-size":"auto","background-attachment":"scroll","background-type":"","background-media":"","overlay-type":"","overlay-color":"","overlay-opacity":"","overlay-gradient":""},"mobile":{"background-color":"var(--ast-global-color-5)","background-image":"","background-repeat":"repeat","background-position":"center center","background-size":"auto","background-attachment":"scroll","background-type":"","background-media":"","overlay-type":"","overlay-color":"","overlay-opacity":"","overlay-gradient":""}},"footnotes":""},"categories":[8],"tags":[],"uagb_featured_image_src":{"full":["https:\/\/www.parafiabrzezinka.eu\/test3\/wp-content\/uploads\/2023\/07\/intencje.jpg",900,576,false],"thumbnail":["https:\/\/www.parafiabrzezinka.eu\/test3\/wp-content\/uploads\/2023\/07\/intencje-150x150.jpg",150,150,true],"medium":["https:\/\/www.parafiabrzezinka.eu\/test3\/wp-content\/uploads\/2023\/07\/intencje-300x192.jpg",300,192,true],"medium_large":["https:\/\/www.parafiabrzezinka.eu\/test3\/wp-content\/uploads\/2023\/07\/intencje-768x492.jpg",768,492,true],"large":["https:\/\/www.parafiabrzezinka.eu\/test3\/wp-content\/uploads\/2023\/07\/intencje.jpg",900,576,false],"1536x1536":["https:\/\/www.parafiabrzezinka.eu\/test3\/wp-content\/uploads\/2023\/07\/intencje.jpg",900,576,false],"2048x2048":["https:\/\/www.parafiabrzezinka.eu\/test3\/wp-content\/uploads\/2023\/07\/intencje.jpg",900,576,false]},"uagb_author_info":{"display_name":"Andrzej Hoinkis","author_link":"https:\/\/www.parafiabrzezinka.eu\/test3\/author\/ahoinkis\/"},"uagb_comment_info":0,"uagb_excerpt":"Intencje Mszy \u015awi\u0119tych 27 sierpnia &#8211; 3 wrze\u015bnia 2023 r. Niedziela, 27 sierpnia &#8211; 21 Niedziela Zwyk\u0142a 6.30 Za + Wies\u0142awa w 1 r. \u015bm. 8.00 Za + Stefana Kurek w r. \u015bm. &#8211; of. od c\u00f3rki 9.30 Za + Danut\u0119 Kania w 20 r. \u015bm., ++ m\u0119\u017ca Paw\u0142a i ojca Benedykta 11.15 Za ++&hellip;","_links":{"self":[{"href":"https:\/\/www.parafiabrzezinka.eu\/test3\/wp-json\/wp\/v2\/posts\/2804"}],"collection":[{"href":"https:\/\/www.parafiabrzezinka.eu\/test3\/wp-json\/wp\/v2\/posts"}],"about":[{"href":"https:\/\/www.parafiabrzezinka.eu\/test3\/wp-json\/wp\/v2\/types\/post"}],"author":[{"embeddable":true,"href":"https:\/\/www.parafiabrzezinka.eu\/test3\/wp-json\/wp\/v2\/users\/2"}],"replies":[{"embeddable":true,"href":"https:\/\/www.parafiabrzezinka.eu\/test3\/wp-json\/wp\/v2\/comments?post=2804"}],"version-history":[{"count":4,"href":"https:\/\/www.parafiabrzezinka.eu\/test3\/wp-json\/wp\/v2\/posts\/2804\/revisions"}],"predecessor-version":[{"id":2809,"href":"https:\/\/www.parafiabrzezinka.eu\/test3\/wp-json\/wp\/v2\/posts\/2804\/revisions\/2809"}],"wp:featuredmedia":[{"embeddable":true,"href":"https:\/\/www.parafiabrzezinka.eu\/test3\/wp-json\/wp\/v2\/media\/1868"}],"wp:attachment":[{"href":"https:\/\/www.parafiabrzezinka.eu\/test3\/wp-json\/wp\/v2\/media?parent=2804"}],"wp:term":[{"taxonomy":"category","embeddable":true,"href":"https:\/\/www.parafiabrzezinka.eu\/test3\/wp-json\/wp\/v2\/categories?post=2804"},{"taxonomy":"post_tag","embeddable":true,"href":"https:\/\/www.parafiabrzezinka.eu\/test3\/wp-json\/wp\/v2\/tags?post=2804"}],"curies":[{"name":"wp","href":"https:\/\/api.w.org\/{rel}","templated":true}]}}