{"id":2799,"date":"2023-09-06T21:19:28","date_gmt":"2023-09-06T19:19:28","guid":{"rendered":"http:\/\/www.parafiabrzezinka.eu\/test3\/?p=2799"},"modified":"2023-09-06T21:20:31","modified_gmt":"2023-09-06T19:20:31","slug":"intencje-mszalne-20-08-2023","status":"publish","type":"post","link":"https:\/\/www.parafiabrzezinka.eu\/test3\/intencje-mszalne-20-08-2023\/","title":{"rendered":"Intencje mszalne 20.08.2023"},"content":{"rendered":"\t\t<div data-elementor-type=\"wp-post\" data-elementor-id=\"2799\" class=\"elementor elementor-2799\">\n\t\t\t\t\t\t<section class=\"elementor-section elementor-top-section elementor-element elementor-element-f87d94b elementor-section-boxed elementor-section-height-default elementor-section-height-default\" data-id=\"f87d94b\" data-element_type=\"section\">\n\t\t\t\t\t\t<div class=\"elementor-container elementor-column-gap-default\">\n\t\t\t\t\t<div class=\"elementor-column elementor-col-100 elementor-top-column elementor-element elementor-element-91207bf\" data-id=\"91207bf\" data-element_type=\"column\">\n\t\t\t<div class=\"elementor-widget-wrap elementor-element-populated\">\n\t\t\t\t\t\t<div class=\"elementor-element elementor-element-5c3d6c6 elementor-widget elementor-widget-heading\" data-id=\"5c3d6c6\" data-element_type=\"widget\" data-widget_type=\"heading.default\">\n\t\t\t\t<div class=\"elementor-widget-container\">\n\t\t\t\t\t<h3 class=\"elementor-heading-title elementor-size-default\">Intencje Mszy \u015awi\u0119tych 20-27 sierpnia 2023 r.<\/h3>\t\t\t\t<\/div>\n\t\t\t\t<\/div>\n\t\t\t\t\t<\/div>\n\t\t<\/div>\n\t\t\t\t\t<\/div>\n\t\t<\/section>\n\t\t\t\t<section class=\"elementor-section elementor-top-section elementor-element elementor-element-4730f3da elementor-section-boxed elementor-section-height-default elementor-section-height-default\" data-id=\"4730f3da\" data-element_type=\"section\">\n\t\t\t\t\t\t<div class=\"elementor-container elementor-column-gap-default\">\n\t\t\t\t\t<div class=\"elementor-column elementor-col-100 elementor-top-column elementor-element elementor-element-5c7f7af2\" data-id=\"5c7f7af2\" data-element_type=\"column\">\n\t\t\t<div class=\"elementor-widget-wrap elementor-element-populated\">\n\t\t\t\t\t\t<div class=\"elementor-element elementor-element-1272a738 elementor-widget elementor-widget-text-editor\" data-id=\"1272a738\" data-element_type=\"widget\" data-widget_type=\"text-editor.default\">\n\t\t\t\t<div class=\"elementor-widget-container\">\n\t\t\t\t\t\t\t\t\t<table width=\"0\"><tbody><tr><td colspan=\"2\" width=\"690\"><p><strong><u>Niedziela, 20 sierpnia &#8211; 20 Niedziela Zwyk\u0142a<\/u><\/strong><\/p><\/td><\/tr><tr><td width=\"57\"><p>6.30<\/p><\/td><td width=\"633\"><p>Do OB przez wstaw. MB z podzi\u0119kowaniem za zdrowie z pro\u015bb\u0105 o dalsze Bo\u017ce b\u0142ogos\u0142awie\u0144stwo, zdrowie i opiek\u0119 w int. pewnej rodziny<\/p><\/td><\/tr><tr><td width=\"57\"><p>8.00<\/p><\/td><td width=\"633\"><p>Za + Wac\u0142awa oraz ++ rodzic\u00f3w i te\u015bci\u00f3w<\/p><\/td><\/tr><tr><td width=\"57\"><p>9.30<\/p><\/td><td width=\"633\"><p>Do OB przez wstaw. MB Nieust. Pomocy z podz. za otrzymane dary z pro\u015bb\u0105 o dalsze Bo\u017ce b\u0142og., zdrowie i potrzebne \u0142aski w int. Genowefy i Wies\u0142awa Majewskich z ok. 40 r. \u015blubu oraz o Bo\u017ce b\u0142og. dla syn\u00f3w, synowych i wnucz\u0105t<\/p><\/td><\/tr><tr><td width=\"57\"><p>11.15<\/p><\/td><td width=\"633\"><p>Za + Gertrud\u0119 Smalcerz &#8211; of. od s\u0105siad\u00f3w z ul. Laryskiej<\/p><\/td><\/tr><tr><td width=\"57\"><p><em>15.00<\/em><\/p><\/td><td width=\"633\"><p><em>Nieszpory niedzielne<\/em><\/p><\/td><\/tr><tr><td width=\"57\"><p>15.30<\/p><\/td><td width=\"633\"><p>Za + Mari\u0119 M\u00fcller oraz ++ z rodziny<\/p><\/td><\/tr><tr><td width=\"57\"><p>\u00a0<\/p><\/td><td width=\"633\"><p>\u00a0<\/p><\/td><\/tr><tr><td colspan=\"2\" width=\"690\"><p><strong><u>Poniedzia\u0142ek, 21 sierpnia &#8211; wspomnienie \u015bw. Piusa X, papie\u017ca<\/u><\/strong><\/p><\/td><\/tr><tr><td width=\"57\"><p>8.00<\/p><\/td><td width=\"633\"><p>Za ++ rodzic\u00f3w, rodze\u0144stwo, ++ z rodziny i dusze w czy\u015b\u0107cu cierpi\u0105ce<\/p><\/td><\/tr><tr><td width=\"57\"><p>18.00<\/p><\/td><td width=\"633\"><p>Za ++ Zdzis\u0142awa Lula, \u017con\u0119 Teres\u0119, ++ z rodziny i dusze w czy\u015b\u0107cu cierpi\u0105ce<\/p><\/td><\/tr><tr><td width=\"57\"><p>\u00a0<\/p><\/td><td width=\"633\"><p>\u00a0<\/p><\/td><\/tr><tr><td colspan=\"2\" width=\"690\"><p><strong><u>Wtorek, 22 sierpnia &#8211; wspomnienie Naj\u015bwi\u0119tszej Maryi Panny, Kr\u00f3lowej<\/u><\/strong><\/p><\/td><\/tr><tr><td width=\"57\"><p>8.00<\/p><\/td><td width=\"633\"><p>Za ++ rodzic\u00f3w Jadwig\u0119 i Stefana, dziadk\u00f3w oraz ++ z rodziny<\/p><\/td><\/tr><tr><td width=\"57\"><p>18.00<\/p><\/td><td width=\"633\"><p>Za ++ Mari\u0119 i Jana J\u0119dyk oraz Leokadi\u0119 i Piotra Sauc<\/p><\/td><\/tr><tr><td width=\"57\"><p>\u00a0<\/p><\/td><td width=\"633\"><p>\u00a0<\/p><\/td><\/tr><tr><td colspan=\"2\" width=\"690\"><p><strong><u>\u015aroda, 23 sierpnia<\/u><\/strong><\/p><\/td><\/tr><tr><td width=\"57\"><p>8.00<\/p><\/td><td width=\"633\"><p>Za ++ Rozali\u0119 i Romana Sczyrba, syn\u00f3w Stefana i Ernesta, wnuczk\u0119 Dagmar\u0119 oraz ++ rodzic\u00f3w i ++ z pokr.<\/p><\/td><\/tr><tr><td width=\"57\"><p>18.00<\/p><\/td><td width=\"633\"><p>Za ++ Jadwig\u0119 Wudarczyk w r. \u015bm., m\u0119\u017ca Mariana, rodzic\u00f3w, te\u015bci\u00f3w, siostr\u0119 Teres\u0119, brata Jana i ++ z pokr.<\/p><\/td><\/tr><tr><td width=\"57\"><p>\u00a0<\/p><\/td><td width=\"633\"><p>\u00a0<\/p><\/td><\/tr><tr><td colspan=\"2\" width=\"690\"><p><strong><u>Czwartek, 24 sierpnia &#8211; \u015bwi\u0119to \u015bw. Bart\u0142omieja, aposto\u0142a<\/u><\/strong><\/p><\/td><\/tr><tr><td width=\"57\"><p>8.00<\/p><\/td><td width=\"633\"><p>Za + El\u017cbiet\u0119 Penczek &#8211; of. od s\u0105siad\u00f3w<\/p><\/td><\/tr><tr><td width=\"57\"><p>18.00<\/p><\/td><td width=\"633\"><p>Za ++ rodzic\u00f3w Emili\u0119 i Wilhelma Nowak, Wand\u0119 i Franciszka Sobota, oraz ++ z rodziny<\/p><\/td><\/tr><tr><td width=\"57\"><p>\u00a0<\/p><\/td><td width=\"633\"><p>\u00a0<\/p><\/td><\/tr><tr><td colspan=\"2\" width=\"690\"><p><strong><u>Pi\u0105tek, 25 sierpnia<\/u><\/strong><\/p><\/td><\/tr><tr><td width=\"57\"><p>8.00<\/p><\/td><td width=\"633\"><p>Za + Janin\u0119 Ku\u015bnierczyk &#8211; of. od brata Stanis\u0142awa z \u017con\u0105<\/p><\/td><\/tr><tr><td width=\"57\"><p>13.00<\/p><\/td><td width=\"633\"><p>Msza \u015bw. \u015blubna: Sebastian Manijak &#8211; Inez Rak<\/p><\/td><\/tr><tr><td width=\"57\"><p>18.00<\/p><\/td><td width=\"633\"><p>Do OB przez wstaw. MB z podzi\u0119kowaniem za otrzymane dary z pro\u015bb\u0105 o dalsze Bo\u017ce b\u0142og., zdrowie i potrzebne \u0142aski w int. Teresy i Mariana Orli\u0144skich z ok. 50 r. \u015blubu<\/p><\/td><\/tr><tr><td width=\"57\"><p>\u00a0<\/p><\/td><td width=\"633\"><p>\u00a0<\/p><\/td><\/tr><tr><td colspan=\"2\" width=\"690\"><p><strong><u>Sobota, 26 sierpnia &#8211; uroczysto\u015b\u0107 Naj\u015bwi\u0119tszej Maryi Panny Cz\u0119stochowskiej<\/u><\/strong><\/p><\/td><\/tr><tr><td width=\"57\"><p>8.00<\/p><\/td><td width=\"633\"><p>Za dusze w czy\u015b\u0107cu cierpi\u0105ce<\/p><\/td><\/tr><tr><td width=\"57\"><p>16.00<\/p><\/td><td width=\"633\"><p>Do OB przez wstaw. MB z podzi\u0119kowaniem za otrzymane dary z pro\u015bb\u0105 o dalsze Bo\u017ce b\u0142ogos\u0142awie\u0144stwo, zdrowie i potrzebne \u0142aski w int. Beaty Habryka z ok. 40 ur.<\/p><\/td><\/tr><tr><td width=\"57\"><p>18.00<\/p><\/td><td width=\"633\"><p>Za ++ Juli\u0119 i Augustyna Kawa, syn\u00f3w Romana i J\u00f3zefa, wnuka Grzegorza, Helen\u0119 i Augustyna Kasza, syn\u00f3w Paw\u0142a i Henryka, c\u00f3rk\u0119 Ann\u0119 i zi\u0119cia Czes\u0142awa<\/p><\/td><\/tr><tr><td width=\"57\"><p>\u00a0<\/p><\/td><td width=\"633\"><p>\u00a0<\/p><\/td><\/tr><tr><td colspan=\"2\" width=\"690\"><p><strong><u>Niedziela, 27 sierpnia &#8211; 21 Niedziela Zwyk\u0142a<\/u><\/strong><\/p><\/td><\/tr><tr><td width=\"57\"><p>6.30<\/p><\/td><td width=\"633\"><p>Za + Wies\u0142awa w 1 r. \u015bm.<\/p><\/td><\/tr><tr><td width=\"57\"><p>8.00<\/p><\/td><td width=\"633\"><p>Za + Stefana Kurek w r. \u015bm. &#8211; of. od c\u00f3rki<\/p><\/td><\/tr><tr><td width=\"57\"><p>9.30<\/p><\/td><td width=\"633\"><p>Za + Danut\u0119 Kania w 20 r. \u015bm., ++ m\u0119\u017ca Paw\u0142a i ojca Benedykta<\/p><\/td><\/tr><tr><td width=\"57\"><p>11.15<\/p><\/td><td width=\"633\"><p>Za ++ Cecyli\u0119 i Mariana Resiak, syna Czes\u0142awa oraz ++ z rodzin Lasok i Resiak<\/p><\/td><\/tr><tr><td width=\"57\"><p>13.00<\/p><\/td><td width=\"633\"><p>Msza \u015bw. \u015blubna: Konrad Stencel &#8211; Paulina Nigiel<\/p><\/td><\/tr><tr><td width=\"57\"><p><em>15.00<\/em><\/p><\/td><td width=\"633\"><p><em>Nieszpory niedzielne<\/em><\/p><\/td><\/tr><tr><td width=\"57\"><p>15.30<\/p><\/td><td width=\"633\"><p>Do OB przez wstaw. MB z podzi\u0119kowaniem za otrzymane \u0142aski z pro\u015bb\u0105 o dalsze Bo\u017ce b\u0142ogos\u0142awie\u0144stwo, zdrowie i dary Ducha \u015awi\u0119tego w int. Teresy, Anny, \u0141ucji, Filipa oraz Karola Kacperskich z ok. ur.<\/p><\/td><\/tr><\/tbody><\/table>\t\t\t\t\t\t\t\t<\/div>\n\t\t\t\t<\/div>\n\t\t\t\t\t<\/div>\n\t\t<\/div>\n\t\t\t\t\t<\/div>\n\t\t<\/section>\n\t\t\t\t<\/div>\n\t\t","protected":false},"excerpt":{"rendered":"<p>Intencje Mszy \u015awi\u0119tych 20-27 sierpnia 2023 r. Niedziela, 20 sierpnia &#8211; 20 Niedziela Zwyk\u0142a 6.30 Do OB przez wstaw. MB z podzi\u0119kowaniem za zdrowie z pro\u015bb\u0105 o dalsze Bo\u017ce b\u0142ogos\u0142awie\u0144stwo, zdrowie i opiek\u0119 w int. pewnej rodziny 8.00 Za + Wac\u0142awa oraz ++ rodzic\u00f3w i te\u015bci\u00f3w 9.30 Do OB przez wstaw. MB Nieust. Pomocy z [&hellip;]<\/p>\n","protected":false},"author":2,"featured_media":1868,"comment_status":"closed","ping_status":"open","sticky":false,"template":"","format":"standard","meta":{"_uag_custom_page_level_css":"","site-sidebar-layout":"default","site-content-layout":"","ast-site-content-layout":"normal-width-container","site-content-style":"default","site-sidebar-style":"default","ast-global-header-display":"","ast-banner-title-visibility":"","ast-main-header-display":"","ast-hfb-above-header-display":"","ast-hfb-below-header-display":"","ast-hfb-mobile-header-display":"","site-post-title":"","ast-breadcrumbs-content":"","ast-featured-img":"","footer-sml-layout":"","ast-disable-related-posts":"","theme-transparent-header-meta":"disabled","adv-header-id-meta":"","stick-header-meta":"","header-above-stick-meta":"","header-main-stick-meta":"","header-below-stick-meta":"","astra-migrate-meta-layouts":"set","ast-page-background-enabled":"default","ast-page-background-meta":{"desktop":{"background-color":"","background-image":"","background-repeat":"repeat","background-position":"center center","background-size":"auto","background-attachment":"scroll","background-type":"","background-media":"","overlay-type":"","overlay-color":"","overlay-opacity":"","overlay-gradient":""},"tablet":{"background-color":"","background-image":"","background-repeat":"repeat","background-position":"center center","background-size":"auto","background-attachment":"scroll","background-type":"","background-media":"","overlay-type":"","overlay-color":"","overlay-opacity":"","overlay-gradient":""},"mobile":{"background-color":"","background-image":"","background-repeat":"repeat","background-position":"center center","background-size":"auto","background-attachment":"scroll","background-type":"","background-media":"","overlay-type":"","overlay-color":"","overlay-opacity":"","overlay-gradient":""}},"ast-content-background-meta":{"desktop":{"background-color":"var(--ast-global-color-5)","background-image":"","background-repeat":"repeat","background-position":"center center","background-size":"auto","background-attachment":"scroll","background-type":"","background-media":"","overlay-type":"","overlay-color":"","overlay-opacity":"","overlay-gradient":""},"tablet":{"background-color":"var(--ast-global-color-5)","background-image":"","background-repeat":"repeat","background-position":"center center","background-size":"auto","background-attachment":"scroll","background-type":"","background-media":"","overlay-type":"","overlay-color":"","overlay-opacity":"","overlay-gradient":""},"mobile":{"background-color":"var(--ast-global-color-5)","background-image":"","background-repeat":"repeat","background-position":"center center","background-size":"auto","background-attachment":"scroll","background-type":"","background-media":"","overlay-type":"","overlay-color":"","overlay-opacity":"","overlay-gradient":""}},"footnotes":""},"categories":[8],"tags":[],"uagb_featured_image_src":{"full":["https:\/\/www.parafiabrzezinka.eu\/test3\/wp-content\/uploads\/2023\/07\/intencje.jpg",900,576,false],"thumbnail":["https:\/\/www.parafiabrzezinka.eu\/test3\/wp-content\/uploads\/2023\/07\/intencje-150x150.jpg",150,150,true],"medium":["https:\/\/www.parafiabrzezinka.eu\/test3\/wp-content\/uploads\/2023\/07\/intencje-300x192.jpg",300,192,true],"medium_large":["https:\/\/www.parafiabrzezinka.eu\/test3\/wp-content\/uploads\/2023\/07\/intencje-768x492.jpg",768,492,true],"large":["https:\/\/www.parafiabrzezinka.eu\/test3\/wp-content\/uploads\/2023\/07\/intencje.jpg",900,576,false],"1536x1536":["https:\/\/www.parafiabrzezinka.eu\/test3\/wp-content\/uploads\/2023\/07\/intencje.jpg",900,576,false],"2048x2048":["https:\/\/www.parafiabrzezinka.eu\/test3\/wp-content\/uploads\/2023\/07\/intencje.jpg",900,576,false]},"uagb_author_info":{"display_name":"Andrzej Hoinkis","author_link":"https:\/\/www.parafiabrzezinka.eu\/test3\/author\/ahoinkis\/"},"uagb_comment_info":0,"uagb_excerpt":"Intencje Mszy \u015awi\u0119tych 20-27 sierpnia 2023 r. Niedziela, 20 sierpnia &#8211; 20 Niedziela Zwyk\u0142a 6.30 Do OB przez wstaw. MB z podzi\u0119kowaniem za zdrowie z pro\u015bb\u0105 o dalsze Bo\u017ce b\u0142ogos\u0142awie\u0144stwo, zdrowie i opiek\u0119 w int. pewnej rodziny 8.00 Za + Wac\u0142awa oraz ++ rodzic\u00f3w i te\u015bci\u00f3w 9.30 Do OB przez wstaw. MB Nieust. Pomocy z&hellip;","_links":{"self":[{"href":"https:\/\/www.parafiabrzezinka.eu\/test3\/wp-json\/wp\/v2\/posts\/2799"}],"collection":[{"href":"https:\/\/www.parafiabrzezinka.eu\/test3\/wp-json\/wp\/v2\/posts"}],"about":[{"href":"https:\/\/www.parafiabrzezinka.eu\/test3\/wp-json\/wp\/v2\/types\/post"}],"author":[{"embeddable":true,"href":"https:\/\/www.parafiabrzezinka.eu\/test3\/wp-json\/wp\/v2\/users\/2"}],"replies":[{"embeddable":true,"href":"https:\/\/www.parafiabrzezinka.eu\/test3\/wp-json\/wp\/v2\/comments?post=2799"}],"version-history":[{"count":4,"href":"https:\/\/www.parafiabrzezinka.eu\/test3\/wp-json\/wp\/v2\/posts\/2799\/revisions"}],"predecessor-version":[{"id":2803,"href":"https:\/\/www.parafiabrzezinka.eu\/test3\/wp-json\/wp\/v2\/posts\/2799\/revisions\/2803"}],"wp:featuredmedia":[{"embeddable":true,"href":"https:\/\/www.parafiabrzezinka.eu\/test3\/wp-json\/wp\/v2\/media\/1868"}],"wp:attachment":[{"href":"https:\/\/www.parafiabrzezinka.eu\/test3\/wp-json\/wp\/v2\/media?parent=2799"}],"wp:term":[{"taxonomy":"category","embeddable":true,"href":"https:\/\/www.parafiabrzezinka.eu\/test3\/wp-json\/wp\/v2\/categories?post=2799"},{"taxonomy":"post_tag","embeddable":true,"href":"https:\/\/www.parafiabrzezinka.eu\/test3\/wp-json\/wp\/v2\/tags?post=2799"}],"curies":[{"name":"wp","href":"https:\/\/api.w.org\/{rel}","templated":true}]}}