{"id":2789,"date":"2023-09-06T21:15:49","date_gmt":"2023-09-06T19:15:49","guid":{"rendered":"http:\/\/www.parafiabrzezinka.eu\/test3\/?p=2789"},"modified":"2023-09-06T21:16:48","modified_gmt":"2023-09-06T19:16:48","slug":"intencje-mszalne-06-08-2023","status":"publish","type":"post","link":"https:\/\/www.parafiabrzezinka.eu\/test3\/intencje-mszalne-06-08-2023\/","title":{"rendered":"Intencje mszalne 06.08.2023"},"content":{"rendered":"\t\t<div data-elementor-type=\"wp-post\" data-elementor-id=\"2789\" class=\"elementor elementor-2789\">\n\t\t\t\t\t\t<section class=\"elementor-section elementor-top-section elementor-element elementor-element-f87d94b elementor-section-boxed elementor-section-height-default elementor-section-height-default\" data-id=\"f87d94b\" data-element_type=\"section\">\n\t\t\t\t\t\t<div class=\"elementor-container elementor-column-gap-default\">\n\t\t\t\t\t<div class=\"elementor-column elementor-col-100 elementor-top-column elementor-element elementor-element-91207bf\" data-id=\"91207bf\" data-element_type=\"column\">\n\t\t\t<div class=\"elementor-widget-wrap elementor-element-populated\">\n\t\t\t\t\t\t<div class=\"elementor-element elementor-element-5c3d6c6 elementor-widget elementor-widget-heading\" data-id=\"5c3d6c6\" data-element_type=\"widget\" data-widget_type=\"heading.default\">\n\t\t\t\t<div class=\"elementor-widget-container\">\n\t\t\t\t\t<h3 class=\"elementor-heading-title elementor-size-default\">Intencje Mszy \u015awi\u0119tych 6-13 sierpnia 2023 r.<\/h3>\t\t\t\t<\/div>\n\t\t\t\t<\/div>\n\t\t\t\t\t<\/div>\n\t\t<\/div>\n\t\t\t\t\t<\/div>\n\t\t<\/section>\n\t\t\t\t<section class=\"elementor-section elementor-top-section elementor-element elementor-element-4730f3da elementor-section-boxed elementor-section-height-default elementor-section-height-default\" data-id=\"4730f3da\" data-element_type=\"section\">\n\t\t\t\t\t\t<div class=\"elementor-container elementor-column-gap-default\">\n\t\t\t\t\t<div class=\"elementor-column elementor-col-100 elementor-top-column elementor-element elementor-element-5c7f7af2\" data-id=\"5c7f7af2\" data-element_type=\"column\">\n\t\t\t<div class=\"elementor-widget-wrap elementor-element-populated\">\n\t\t\t\t\t\t<div class=\"elementor-element elementor-element-1272a738 elementor-widget elementor-widget-text-editor\" data-id=\"1272a738\" data-element_type=\"widget\" data-widget_type=\"text-editor.default\">\n\t\t\t\t<div class=\"elementor-widget-container\">\n\t\t\t\t\t\t\t\t\t<table width=\"0\"><tbody><tr><td colspan=\"2\" width=\"690\"><p><strong><u>Niedziela, 6 sierpnia &#8211; \u015awi\u0119to Przemienienia Pa\u0144skiego<\/u><\/strong><\/p><\/td><\/tr><tr><td width=\"57\"><p>6.30<\/p><\/td><td width=\"633\"><p>Do OB przez wstaw. MB z podzi\u0119kowaniem za otrzymane dary z pro\u015bb\u0105 o dalsze Bo\u017ce b\u0142ogos\u0142awie\u0144stwo, zdrowie i potrzebne \u0142aski w pewnej int. z ok. 50 ur.<\/p><\/td><\/tr><tr><td width=\"57\"><p>8.00<\/p><\/td><td width=\"633\"><p>Za + Reinholda Paw\u0142owskiego w 1 r. \u015bm. oraz ++ rodzic\u00f3w Jadwig\u0119 i Alojzego<\/p><\/td><\/tr><tr><td width=\"57\"><p>9.30<\/p><\/td><td width=\"633\"><p>Za + Gertrud\u0119 Smalcerz &#8211; of. od Czcicieli R\u00f3\u017ca\u0144ca \u015aw.<\/p><\/td><\/tr><tr><td width=\"57\"><p>11.15<\/p><\/td><td width=\"633\"><p>Za + Gizel\u0119 Cyro\u0144 w 30 dz. po \u015bm. &#8211; of. od Czcicieli R\u00f3\u017ca\u0144ca \u015aw.<\/p><\/td><\/tr><tr><td width=\"57\"><p><em>15.00<\/em><\/p><\/td><td width=\"633\"><p><em>Nieszpory niedzielne<\/em><\/p><\/td><\/tr><tr><td width=\"57\"><p>15.30<\/p><\/td><td width=\"633\"><p>W int. dzieci przyjmuj\u0105cych Sakrament Chrztu \u015bw.: Jakuba Piwowarskiego i Filipa W\u00f3\u0142kiewicza oraz ich rodzic\u00f3w i chrzestnych<\/p><\/td><\/tr><tr><td width=\"57\"><p>\u00a0<\/p><\/td><td width=\"633\"><p>\u00a0<\/p><\/td><\/tr><tr><td colspan=\"2\" width=\"690\"><p><strong><u>Poniedzia\u0142ek, 7 sierpnia<\/u><\/strong><\/p><\/td><\/tr><tr><td width=\"57\"><p>8.00<\/p><\/td><td width=\"633\"><p>1. Za + Mari\u0119 Janota na wsp. ur.<\/p><\/td><\/tr><tr><td width=\"57\"><p>\u00a0<\/p><\/td><td width=\"633\"><p>2. Za + Gertrud\u0119 Smalcerz &#8211; of. od rodziny Dombkowskich z Che\u0142mka<\/p><\/td><\/tr><tr><td width=\"57\"><p>18.00<\/p><\/td><td width=\"633\"><p>Bo OB z podzi\u0119kowaniem za otrzymane dary z pro\u015bb\u0105 o opiek\u0119 i Bo\u017ce b\u0142ogos\u0142awie\u0144stwo w pewnej int.<\/p><\/td><\/tr><tr><td width=\"57\"><p>\u00a0<\/p><\/td><td width=\"633\"><p>\u00a0<\/p><\/td><\/tr><tr><td colspan=\"2\" width=\"690\"><p><strong><u>Wtorek, 8 sierpnia &#8211; wspomnienie \u015bw. Dominika Guzman, kap\u0142ana<\/u><\/strong><\/p><\/td><\/tr><tr><td width=\"57\"><p>8.00<\/p><\/td><td width=\"633\"><p>Do OB przez wstaw. MB z podz. za otrzymane \u0142aski z pro\u015bb\u0105 o dalsze Bo\u017ce b\u0142og., zdrowie i dary Ducha \u015awi\u0119tego w int. Marka Hachu\u0142y z ok. ur. &#8211; of. od s\u0142u\u017cy ko\u015bcielnej<\/p><\/td><\/tr><tr><td width=\"57\"><p>18.00<\/p><\/td><td width=\"633\"><p>Do OB przez wstaw. MB z podz. za otrzymane dary z pro\u015bb\u0105 o dalsze Bo\u017ce b\u0142og., zdrowie i potrzebne \u0142aski dla Michaliny Psiuk z ok. 40 ur. oraz o Bo\u017ce b\u0142og. dla m\u0119\u017ca i dzieci<\/p><\/td><\/tr><tr><td width=\"57\"><p>\u00a0<\/p><\/td><td width=\"633\"><p>\u00a0<\/p><\/td><\/tr><tr><td colspan=\"2\" width=\"690\"><p><strong><u>\u015aroda, 9 sierpnia &#8211; \u015bwi\u0119to \u015bw. Teresy Benedykty od Krzy\u017ca (Edyty Stein), dz. i m., patronki Europy<\/u><\/strong><\/p><\/td><\/tr><tr><td width=\"57\"><p>8.00<\/p><\/td><td width=\"633\"><p>Za ++ rodzic\u00f3w Wilhelma i Ann\u0119, Jakuba i Zofi\u0119 oraz ++ z pokr.<\/p><\/td><\/tr><tr><td width=\"57\"><p>18.00<\/p><\/td><td width=\"633\"><p>1. Za ++ Otyli\u0119 Mendyk, m\u0119\u017ca Ewalda, rodzic\u00f3w i rodze\u0144stwo z obu str.<\/p><\/td><\/tr><tr><td width=\"57\"><p>\u00a0<\/p><\/td><td width=\"633\"><p>2. 2. Za + Dagmar\u0119 Pelon &#8211; of. od rodziny Galic\u00f3w z Poronina<\/p><\/td><\/tr><tr><td width=\"57\"><p>\u00a0<\/p><\/td><td width=\"633\"><p>\u00a0<\/p><\/td><\/tr><tr><td colspan=\"2\" width=\"690\"><p><strong><u>Czwartek, 10 sierpnia &#8211; \u015bwi\u0119to \u015bw. Wawrzy\u0144ca, diakona i m\u0119czennika<\/u><\/strong><\/p><\/td><\/tr><tr><td width=\"57\"><p>8.00<\/p><\/td><td width=\"633\"><p>Do Mi\u0142osierdzia Bo\u017cego przez wstaw. MB Bolesnej i \u015bw. J\u00f3zefa o \u0142ask\u0119 szcz\u0119\u015bliwej \u015bmierci dla Cz\u0142onk\u00f3w Apostolstwa Dobrej \u015amierci, ich rodzin i grzesznik\u00f3w ca\u0142ego \u015bwiata<\/p><\/td><\/tr><tr><td width=\"57\"><p>18.00<\/p><\/td><td width=\"633\"><p>Za + Alicj\u0119 Kramarczyk, ++ m\u0119\u017ca Norberta, rodzic\u00f3w oraz ++ z pokr.<\/p><\/td><\/tr><tr><td width=\"57\"><p>\u00a0<\/p><\/td><td width=\"633\"><p>\u00a0<\/p><\/td><\/tr><tr><td colspan=\"2\" width=\"690\"><p><strong><u>Pi\u0105tek, 11 sierpnia &#8211; wspomnienie \u015bw. Klary, dziewicy<\/u><\/strong><\/p><\/td><\/tr><tr><td width=\"57\"><p>8.00<\/p><\/td><td width=\"633\"><p>1. Za ++ m\u0119\u017ca, jego ++ rodzic\u00f3w i rodze\u0144stwo oraz ++ z rodziny<\/p><\/td><\/tr><tr><td width=\"57\"><p>\u00a0<\/p><\/td><td width=\"633\"><p>2. Za + Janin\u0119 Ku\u015bnierczyk &#8211; of. od brata Jasia z Jol\u0105 ze Skoczowa<\/p><\/td><\/tr><tr><td width=\"57\"><p>18.00<\/p><\/td><td width=\"633\"><p>Do OB przez wstawiennictwo \u015bwi\u0119tej Rodziny w intencji ma\u0142\u017conk\u00f3w Katarzyny i Andrzeja Kacza\u0142a prze\u017cywaj\u0105cych 25 r. \u015blubu, oraz w intencji 2 syn\u00f3w<\/p><\/td><\/tr><tr><td width=\"57\"><p>\u00a0<\/p><\/td><td width=\"633\"><p>\u00a0<\/p><\/td><\/tr><tr><td colspan=\"2\" width=\"690\"><p><strong><u>Sobota, 12 sierpnia<\/u><\/strong><\/p><\/td><\/tr><tr><td width=\"57\"><p>8.00<\/p><\/td><td width=\"633\"><p>Za + Krystyn\u0119 Krzy\u017cak w 30 dz. po \u015bm. &#8211; of. od Czcicieli R\u00f3\u017ca\u0144ca \u015aw.<\/p><\/td><\/tr><tr><td width=\"57\"><p>10.30<\/p><\/td><td width=\"633\"><p>Msza \u015bw. \u015blubna: Damian Mazur &#8211; Dominika Skwara<\/p><\/td><\/tr><tr><td width=\"57\"><p>18.00<\/p><\/td><td width=\"633\"><p>Za + Janusza Nowara w 4 r. \u015bm., ++ rodzic\u00f3w oraz ++ z rodziny<\/p><\/td><\/tr><tr><td width=\"57\"><p>\u00a0<\/p><\/td><td width=\"633\"><p>\u00a0<\/p><\/td><\/tr><tr><td colspan=\"2\" width=\"690\"><p><strong><u>Niedziela, 13 sierpnia &#8211; 19 Niedziela Zwyk\u0142a<\/u><\/strong><\/p><\/td><\/tr><tr><td width=\"57\"><p>6.30<\/p><\/td><td width=\"633\"><p>Za + ks. prob. Konrada Bojdo\u0142a w 8 r. \u015bm.<\/p><\/td><\/tr><tr><td width=\"57\"><p>8.00<\/p><\/td><td width=\"633\"><p>Za ++ Rozali\u0119 i Antoniego Hajduk, syn\u00f3w Jana i Henryka, Rozali\u0119 i Edmunda Bania oraz ++ z pokr.<\/p><\/td><\/tr><tr><td width=\"57\"><p>9.30<\/p><\/td><td width=\"633\"><p>Za ++ Mariana \u015aliwi\u0144skiego na wsp. ur., \u017con\u0119 Halin\u0119, ++ rodzic\u00f3w, ++ z pokrewie\u0144stwa oraz dusze w czy\u015b\u0107cu cierpi\u0105ce<\/p><\/td><\/tr><tr><td width=\"57\"><p>11.15<\/p><\/td><td width=\"633\"><p>Za + Stefana Lasok na wsp. ur. &#8211; of. od \u017cony<\/p><\/td><\/tr><tr><td width=\"57\"><p><em>15.00<\/em><\/p><\/td><td width=\"633\"><p><em>Nieszpory niedzielne<\/em><\/p><\/td><\/tr><tr><td width=\"57\"><p>15.30<\/p><\/td><td width=\"633\"><p>Do OB przez wstawiennictwo \u015bwi\u0119tej Rodziny w intencji ma\u0142\u017conk\u00f3w Ma\u0142gorzaty i Adama Depta prze\u017cywaj\u0105cych 40 r. \u015blubu oraz o Bo\u017ce b\u0142og. dla dzieci z rodzinami<\/p><\/td><\/tr><tr><td width=\"57\"><p><em>19.00<\/em><\/p><\/td><td width=\"633\"><p><em>Nabo\u017ce\u0144stwo fatimskie<\/em><\/p><\/td><\/tr><\/tbody><\/table>\t\t\t\t\t\t\t\t<\/div>\n\t\t\t\t<\/div>\n\t\t\t\t\t<\/div>\n\t\t<\/div>\n\t\t\t\t\t<\/div>\n\t\t<\/section>\n\t\t\t\t<\/div>\n\t\t","protected":false},"excerpt":{"rendered":"<p>Intencje Mszy \u015awi\u0119tych 6-13 sierpnia 2023 r. Niedziela, 6 sierpnia &#8211; \u015awi\u0119to Przemienienia Pa\u0144skiego 6.30 Do OB przez wstaw. MB z podzi\u0119kowaniem za otrzymane dary z pro\u015bb\u0105 o dalsze Bo\u017ce b\u0142ogos\u0142awie\u0144stwo, zdrowie i potrzebne \u0142aski w pewnej int. z ok. 50 ur. 8.00 Za + Reinholda Paw\u0142owskiego w 1 r. \u015bm. oraz ++ rodzic\u00f3w Jadwig\u0119 [&hellip;]<\/p>\n","protected":false},"author":2,"featured_media":1868,"comment_status":"closed","ping_status":"open","sticky":false,"template":"","format":"standard","meta":{"_uag_custom_page_level_css":"","site-sidebar-layout":"default","site-content-layout":"","ast-site-content-layout":"normal-width-container","site-content-style":"default","site-sidebar-style":"default","ast-global-header-display":"","ast-banner-title-visibility":"","ast-main-header-display":"","ast-hfb-above-header-display":"","ast-hfb-below-header-display":"","ast-hfb-mobile-header-display":"","site-post-title":"","ast-breadcrumbs-content":"","ast-featured-img":"","footer-sml-layout":"","ast-disable-related-posts":"","theme-transparent-header-meta":"disabled","adv-header-id-meta":"","stick-header-meta":"","header-above-stick-meta":"","header-main-stick-meta":"","header-below-stick-meta":"","astra-migrate-meta-layouts":"set","ast-page-background-enabled":"default","ast-page-background-meta":{"desktop":{"background-color":"","background-image":"","background-repeat":"repeat","background-position":"center center","background-size":"auto","background-attachment":"scroll","background-type":"","background-media":"","overlay-type":"","overlay-color":"","overlay-opacity":"","overlay-gradient":""},"tablet":{"background-color":"","background-image":"","background-repeat":"repeat","background-position":"center center","background-size":"auto","background-attachment":"scroll","background-type":"","background-media":"","overlay-type":"","overlay-color":"","overlay-opacity":"","overlay-gradient":""},"mobile":{"background-color":"","background-image":"","background-repeat":"repeat","background-position":"center center","background-size":"auto","background-attachment":"scroll","background-type":"","background-media":"","overlay-type":"","overlay-color":"","overlay-opacity":"","overlay-gradient":""}},"ast-content-background-meta":{"desktop":{"background-color":"var(--ast-global-color-5)","background-image":"","background-repeat":"repeat","background-position":"center center","background-size":"auto","background-attachment":"scroll","background-type":"","background-media":"","overlay-type":"","overlay-color":"","overlay-opacity":"","overlay-gradient":""},"tablet":{"background-color":"var(--ast-global-color-5)","background-image":"","background-repeat":"repeat","background-position":"center center","background-size":"auto","background-attachment":"scroll","background-type":"","background-media":"","overlay-type":"","overlay-color":"","overlay-opacity":"","overlay-gradient":""},"mobile":{"background-color":"var(--ast-global-color-5)","background-image":"","background-repeat":"repeat","background-position":"center center","background-size":"auto","background-attachment":"scroll","background-type":"","background-media":"","overlay-type":"","overlay-color":"","overlay-opacity":"","overlay-gradient":""}},"footnotes":""},"categories":[8],"tags":[],"uagb_featured_image_src":{"full":["https:\/\/www.parafiabrzezinka.eu\/test3\/wp-content\/uploads\/2023\/07\/intencje.jpg",900,576,false],"thumbnail":["https:\/\/www.parafiabrzezinka.eu\/test3\/wp-content\/uploads\/2023\/07\/intencje-150x150.jpg",150,150,true],"medium":["https:\/\/www.parafiabrzezinka.eu\/test3\/wp-content\/uploads\/2023\/07\/intencje-300x192.jpg",300,192,true],"medium_large":["https:\/\/www.parafiabrzezinka.eu\/test3\/wp-content\/uploads\/2023\/07\/intencje-768x492.jpg",768,492,true],"large":["https:\/\/www.parafiabrzezinka.eu\/test3\/wp-content\/uploads\/2023\/07\/intencje.jpg",900,576,false],"1536x1536":["https:\/\/www.parafiabrzezinka.eu\/test3\/wp-content\/uploads\/2023\/07\/intencje.jpg",900,576,false],"2048x2048":["https:\/\/www.parafiabrzezinka.eu\/test3\/wp-content\/uploads\/2023\/07\/intencje.jpg",900,576,false]},"uagb_author_info":{"display_name":"Andrzej Hoinkis","author_link":"https:\/\/www.parafiabrzezinka.eu\/test3\/author\/ahoinkis\/"},"uagb_comment_info":0,"uagb_excerpt":"Intencje Mszy \u015awi\u0119tych 6-13 sierpnia 2023 r. Niedziela, 6 sierpnia &#8211; \u015awi\u0119to Przemienienia Pa\u0144skiego 6.30 Do OB przez wstaw. MB z podzi\u0119kowaniem za otrzymane dary z pro\u015bb\u0105 o dalsze Bo\u017ce b\u0142ogos\u0142awie\u0144stwo, zdrowie i potrzebne \u0142aski w pewnej int. z ok. 50 ur. 8.00 Za + Reinholda Paw\u0142owskiego w 1 r. \u015bm. oraz ++ rodzic\u00f3w Jadwig\u0119&hellip;","_links":{"self":[{"href":"https:\/\/www.parafiabrzezinka.eu\/test3\/wp-json\/wp\/v2\/posts\/2789"}],"collection":[{"href":"https:\/\/www.parafiabrzezinka.eu\/test3\/wp-json\/wp\/v2\/posts"}],"about":[{"href":"https:\/\/www.parafiabrzezinka.eu\/test3\/wp-json\/wp\/v2\/types\/post"}],"author":[{"embeddable":true,"href":"https:\/\/www.parafiabrzezinka.eu\/test3\/wp-json\/wp\/v2\/users\/2"}],"replies":[{"embeddable":true,"href":"https:\/\/www.parafiabrzezinka.eu\/test3\/wp-json\/wp\/v2\/comments?post=2789"}],"version-history":[{"count":4,"href":"https:\/\/www.parafiabrzezinka.eu\/test3\/wp-json\/wp\/v2\/posts\/2789\/revisions"}],"predecessor-version":[{"id":2793,"href":"https:\/\/www.parafiabrzezinka.eu\/test3\/wp-json\/wp\/v2\/posts\/2789\/revisions\/2793"}],"wp:featuredmedia":[{"embeddable":true,"href":"https:\/\/www.parafiabrzezinka.eu\/test3\/wp-json\/wp\/v2\/media\/1868"}],"wp:attachment":[{"href":"https:\/\/www.parafiabrzezinka.eu\/test3\/wp-json\/wp\/v2\/media?parent=2789"}],"wp:term":[{"taxonomy":"category","embeddable":true,"href":"https:\/\/www.parafiabrzezinka.eu\/test3\/wp-json\/wp\/v2\/categories?post=2789"},{"taxonomy":"post_tag","embeddable":true,"href":"https:\/\/www.parafiabrzezinka.eu\/test3\/wp-json\/wp\/v2\/tags?post=2789"}],"curies":[{"name":"wp","href":"https:\/\/api.w.org\/{rel}","templated":true}]}}