{"id":2784,"date":"2023-09-06T21:13:48","date_gmt":"2023-09-06T19:13:48","guid":{"rendered":"http:\/\/www.parafiabrzezinka.eu\/test3\/?p=2784"},"modified":"2023-09-06T21:15:19","modified_gmt":"2023-09-06T19:15:19","slug":"intencje-mszalne-30-07-2023","status":"publish","type":"post","link":"https:\/\/www.parafiabrzezinka.eu\/test3\/intencje-mszalne-30-07-2023\/","title":{"rendered":"Intencje mszalne 30.07.2023"},"content":{"rendered":"\t\t<div data-elementor-type=\"wp-post\" data-elementor-id=\"2784\" class=\"elementor elementor-2784\">\n\t\t\t\t\t\t<section class=\"elementor-section elementor-top-section elementor-element elementor-element-f87d94b elementor-section-boxed elementor-section-height-default elementor-section-height-default\" data-id=\"f87d94b\" data-element_type=\"section\">\n\t\t\t\t\t\t<div class=\"elementor-container elementor-column-gap-default\">\n\t\t\t\t\t<div class=\"elementor-column elementor-col-100 elementor-top-column elementor-element elementor-element-91207bf\" data-id=\"91207bf\" data-element_type=\"column\">\n\t\t\t<div class=\"elementor-widget-wrap elementor-element-populated\">\n\t\t\t\t\t\t<div class=\"elementor-element elementor-element-5c3d6c6 elementor-widget elementor-widget-heading\" data-id=\"5c3d6c6\" data-element_type=\"widget\" data-widget_type=\"heading.default\">\n\t\t\t\t<div class=\"elementor-widget-container\">\n\t\t\t\t\t<h3 class=\"elementor-heading-title elementor-size-default\">Intencje Mszy \u015awi\u0119tych 30 lipca - 6 sierpnia 2023 r.<\/h3>\t\t\t\t<\/div>\n\t\t\t\t<\/div>\n\t\t\t\t\t<\/div>\n\t\t<\/div>\n\t\t\t\t\t<\/div>\n\t\t<\/section>\n\t\t\t\t<section class=\"elementor-section elementor-top-section elementor-element elementor-element-4730f3da elementor-section-boxed elementor-section-height-default elementor-section-height-default\" data-id=\"4730f3da\" data-element_type=\"section\">\n\t\t\t\t\t\t<div class=\"elementor-container elementor-column-gap-default\">\n\t\t\t\t\t<div class=\"elementor-column elementor-col-100 elementor-top-column elementor-element elementor-element-5c7f7af2\" data-id=\"5c7f7af2\" data-element_type=\"column\">\n\t\t\t<div class=\"elementor-widget-wrap elementor-element-populated\">\n\t\t\t\t\t\t<div class=\"elementor-element elementor-element-1272a738 elementor-widget elementor-widget-text-editor\" data-id=\"1272a738\" data-element_type=\"widget\" data-widget_type=\"text-editor.default\">\n\t\t\t\t<div class=\"elementor-widget-container\">\n\t\t\t\t\t\t\t\t\t<table width=\"0\"><tbody><tr><td colspan=\"2\" width=\"690\"><p><strong><u>Niedziela, 30 lipca &#8211; 17 Niedziela Zwyk\u0142a<\/u><\/strong><\/p><\/td><\/tr><tr><td width=\"57\"><p>6.30<\/p><\/td><td width=\"633\"><p>Za ++ Zofi\u0119 i J\u00f3zefa Dziwak oraz ++ z rodziny<\/p><\/td><\/tr><tr><td width=\"57\"><p>8.00<\/p><\/td><td width=\"633\"><p>Za ++ Mari\u0119 i Stanis\u0142awa Klakus, Iren\u0119 Peclow oraz ++ rodzic\u00f3w z obu str.<\/p><\/td><\/tr><tr><td width=\"57\"><p>9.30<\/p><\/td><td width=\"633\"><p>Za ++ \u017con\u0119 Dorot\u0119 Przegendza, jej rodzic\u00f3w oraz Rozali\u0119 i Aleksandra Przegendza oraz szwagra Alojzego Tomanek<\/p><\/td><\/tr><tr><td width=\"57\"><p>11.15<\/p><\/td><td width=\"633\"><p>Do OB przez wstaw. MB z podzi\u0119kowaniem za otrzymane dary z pro\u015bb\u0105 o dalsze Bo\u017ce b\u0142ogos\u0142awie\u0144stwo, zdrowie i potrzebne \u0142aski w int. Andrzeja Malinowskiego z ok. 50 ur.<\/p><\/td><\/tr><tr><td width=\"57\"><p><em>15.00<\/em><\/p><\/td><td width=\"633\"><p><em>Nieszpory niedzielne<\/em><\/p><\/td><\/tr><tr><td width=\"57\"><p>15.30<\/p><\/td><td width=\"633\"><p>Za + Grzegorza Szymkowiak w 1 r. \u015bm. oraz ++ rodzic\u00f3w i te\u015bcia<\/p><\/td><\/tr><tr><td width=\"57\"><p>\u00a0<\/p><\/td><td width=\"633\"><p>\u00a0<\/p><\/td><\/tr><tr><td colspan=\"2\" width=\"690\"><p><strong><u>Poniedzia\u0142ek, 31 lipca &#8211; wspomnienie \u015bw. Ignacego z Loyoli, kap\u0142ana<\/u><\/strong><\/p><\/td><\/tr><tr><td width=\"57\"><p>8.00<\/p><\/td><td width=\"633\"><p>Do OB przez wstaw. MB z podz. za otrzymane \u0142aski z pro\u015bb\u0105 o dalsze Bo\u017ce b\u0142og., zdrowie i dary Ducha \u015awi\u0119tego w int. Joanny Nowaczyk z ok. ur. &#8211; of. od s\u0142u\u017cy ko\u015bcielnej<\/p><\/td><\/tr><tr><td width=\"57\"><p>18.00<\/p><\/td><td width=\"633\"><p>1. Za ++ rodzic\u00f3w Mart\u0119 i Paw\u0142a na wsp. ur.<\/p><\/td><\/tr><tr><td width=\"57\"><p>\u00a0<\/p><\/td><td width=\"633\"><p>2. Za + Huberta Janeckiego &#8211; of. od s\u0105siad\u00f3w z ul. Ko\u015bcielnej, Kudery i Hetma\u0144skiego<\/p><\/td><\/tr><tr><td width=\"57\"><p>\u00a0<\/p><\/td><td width=\"633\"><p>\u00a0<\/p><\/td><\/tr><tr><td colspan=\"2\" width=\"690\"><p><strong><u>Wtorek, 1 sierpnia &#8211; wspomnienie \u015bw. Alfonsa Marii Liguori, biskupa i doktora Ko\u015bcio\u0142a<\/u><\/strong><\/p><\/td><\/tr><tr><td width=\"57\"><p>8.00<\/p><\/td><td width=\"633\"><p>Za ++ Gerarda Balickiego, c\u00f3rk\u0119 Aleksandr\u0119, rodzic\u00f3w z obu str., wnuk\u00f3w Zosi\u0119 i Piotra oraz ++ z rodziny<\/p><\/td><\/tr><tr><td width=\"57\"><p>18.00<\/p><\/td><td width=\"633\"><p>1. Za ++ J\u00f3zefa Mierzwa, \u017con\u0119 Juli\u0119, rodzic\u00f3w z obu str., zi\u0119cia Stanis\u0142awa oraz Ryszarda Janus i Edwarda Roj<\/p><\/td><\/tr><tr><td width=\"57\"><p>\u00a0<\/p><\/td><td width=\"633\"><p>2. Za ++ Barbar\u0119 Ebert i jej m\u0119\u017ca oraz ++ rodzic\u00f3w i rodze\u0144stwo &#8211; of. od kole\u017canki Ma\u0142gorzaty Ring<\/p><\/td><\/tr><tr><td width=\"57\"><p>\u00a0<\/p><\/td><td width=\"633\"><p>\u00a0<\/p><\/td><\/tr><tr><td colspan=\"2\" width=\"690\"><p><strong><u>\u015aroda, 2 sierpnia &#8211; <em>Odpust Pocjunkuli<\/em><\/u><\/strong><\/p><\/td><\/tr><tr><td width=\"57\"><p>8.00<\/p><\/td><td width=\"633\"><p>Ku czci \u015bw. J\u00f3zefa w int. Senior\u00f3w<\/p><\/td><\/tr><tr><td width=\"57\"><p>18.00<\/p><\/td><td width=\"633\"><p>1. Za ++ Jerzego i Bronis\u0142aw\u0119 Hajduk, m\u0119\u017ca Jana oraz ++ z rodziny<\/p><\/td><\/tr><tr><td width=\"57\"><p>\u00a0<\/p><\/td><td width=\"633\"><p>2. Za + Dagmar\u0119 Pelon &#8211; of. od kole\u017canek i koleg\u00f3w ze studi\u00f3w<\/p><\/td><\/tr><tr><td width=\"57\"><p>\u00a0<\/p><\/td><td width=\"633\"><p>\u00a0<\/p><\/td><\/tr><tr><td colspan=\"2\" width=\"690\"><p><strong><u>Czwartek, 3 sierpnia &#8211; I czwartek<\/u><\/strong><\/p><\/td><\/tr><tr><td width=\"57\"><p>8.00<\/p><\/td><td width=\"633\"><p>Do Jezusa Chrystusa Najwy\u017cszego Kap\u0142ana w int. Ojca \u015bw., bp\u00f3w, kap\u0142an\u00f3w, kleryk\u00f3w oraz o nowe powo\u0142ania kap\u0142a\u0144skie, zakonne i misyjne<\/p><\/td><\/tr><tr><td width=\"57\"><p>18.00<\/p><\/td><td width=\"633\"><p>1. Do OB przez wstaw. \u015bw. Jana Marii Vianneya w int. cz\u0142onk\u00f3w 1. r\u00f3\u017cy \u017bywego R\u00f3\u017ca\u0144ca<\/p><\/td><\/tr><tr><td width=\"57\"><p>\u00a0<\/p><\/td><td width=\"633\"><p>2. Do OB przez wstaw. MB z podz. za otrzymane dary z pro\u015bb\u0105 o dalsze Bo\u017ce b\u0142og., zdrowie i potrzebne \u0142aski Ducha \u015awi\u0119tego w int. ca\u0142ej rodziny oraz za dusze w cz. cierp.<\/p><\/td><\/tr><tr><td width=\"57\"><p>\u00a0<\/p><\/td><td width=\"633\"><p>\u00a0<\/p><\/td><\/tr><tr><td colspan=\"2\" width=\"690\"><p><strong><u>Pi\u0105tek, 4 sierpnia &#8211; wspomnienie \u015bw. Jana Marii Vianneya, kap\u0142ana &#8211; I pi\u0105tek<\/u><\/strong><\/p><\/td><\/tr><tr><td width=\"57\"><p>8.00<\/p><\/td><td width=\"633\"><p>1. Do Naj\u015bwi\u0119tszego Serca Pana Jezusa w int. Czcicieli i Rodzin naszej Parafii<\/p><\/td><\/tr><tr><td width=\"57\"><p>\u00a0<\/p><\/td><td width=\"633\"><p>2. Przez wstaw. MB Jasnog\u00f3rskiej w int. pieszych pielgrzym\u00f3w<\/p><\/td><\/tr><tr><td width=\"57\"><p>18.00<\/p><\/td><td width=\"633\"><p>1. Za + Barbar\u0119 Kozio\u0142ek w 3 r. \u015bm. oraz ++ z rodzin Kozio\u0142ek i Gaszka<\/p><\/td><\/tr><tr><td width=\"57\"><p>\u00a0<\/p><\/td><td width=\"633\"><p>2. Za + El\u017cbiet\u0119 Penczek &#8211; of. od s\u0105siad\u00f3w<\/p><\/td><\/tr><tr><td width=\"57\"><p>\u00a0<\/p><\/td><td width=\"633\"><p>\u00a0<\/p><\/td><\/tr><tr><td colspan=\"2\" width=\"690\"><p><strong><u>Sobota, 5 sierpnia &#8211; I sobota<\/u><\/strong><\/p><\/td><\/tr><tr><td width=\"57\"><p>8.00<\/p><\/td><td width=\"633\"><p>Ku czci Niepokalanego Serca NMP w int. Czcicieli R\u00f3\u017ca\u0144ca \u015aw. i \u015awieckiej Rodziny b\u0142. Edmunda Bojanowskiego &#8211; int. wynagr. za obelgi przeciw Niepokalanemu Pocz\u0119ciu NMP<\/p><\/td><\/tr><tr><td width=\"57\"><p>18.00<\/p><\/td><td width=\"633\"><p>Za + Marcina \u015aliwiok &#8211; of. od \u017cony i dzieci<\/p><\/td><\/tr><tr><td width=\"57\"><p>\u00a0<\/p><\/td><td width=\"633\"><p>\u00a0<\/p><\/td><\/tr><tr><td colspan=\"2\" width=\"690\"><p><strong><u>Niedziela, 6 sierpnia &#8211; \u015awi\u0119to Przemienienia Pa\u0144skiego<\/u><\/strong><\/p><\/td><\/tr><tr><td width=\"57\"><p>6.30<\/p><\/td><td width=\"633\"><p>Do OB przez wstaw. MB z podzi\u0119kowaniem za otrzymane dary z pro\u015bb\u0105 o dalsze Bo\u017ce b\u0142ogos\u0142awie\u0144stwo, zdrowie i potrzebne \u0142aski w pewnej int. z ok. 50 ur.<\/p><\/td><\/tr><tr><td width=\"57\"><p>8.00<\/p><\/td><td width=\"633\"><p>Za + Reinholda Paw\u0142owskiego w 1 r. \u015bm. oraz ++ rodzic\u00f3w Jadwig\u0119 i Alojzego<\/p><\/td><\/tr><tr><td width=\"57\"><p>9.30<\/p><\/td><td width=\"633\"><p>Za + Gertrud\u0119 Smalcerz &#8211; of. od Czcicieli R\u00f3\u017ca\u0144ca \u015aw.<\/p><\/td><\/tr><tr><td width=\"57\"><p>11.15<\/p><\/td><td width=\"633\"><p>Za + Gizel\u0119 Cyro\u0144 w 30 dz. po \u015bm. &#8211; of. od Czcicieli R\u00f3\u017ca\u0144ca \u015aw.<\/p><\/td><\/tr><tr><td width=\"57\"><p><em>15.00<\/em><\/p><\/td><td width=\"633\"><p><em>Nieszpory niedzielne<\/em><\/p><\/td><\/tr><tr><td width=\"57\"><p>15.30<\/p><\/td><td width=\"633\"><p>W int. dzieci przyjmuj\u0105cych Sakrament Chrztu \u015bw.: Jakuba Piwowarskiego i Filipa W\u00f3\u0142kiewicza oraz ich rodzic\u00f3w i chrzestnych<\/p><\/td><\/tr><\/tbody><\/table>\t\t\t\t\t\t\t\t<\/div>\n\t\t\t\t<\/div>\n\t\t\t\t\t<\/div>\n\t\t<\/div>\n\t\t\t\t\t<\/div>\n\t\t<\/section>\n\t\t\t\t<\/div>\n\t\t","protected":false},"excerpt":{"rendered":"<p>Intencje Mszy \u015awi\u0119tych 30 lipca &#8211; 6 sierpnia 2023 r. Niedziela, 30 lipca &#8211; 17 Niedziela Zwyk\u0142a 6.30 Za ++ Zofi\u0119 i J\u00f3zefa Dziwak oraz ++ z rodziny 8.00 Za ++ Mari\u0119 i Stanis\u0142awa Klakus, Iren\u0119 Peclow oraz ++ rodzic\u00f3w z obu str. 9.30 Za ++ \u017con\u0119 Dorot\u0119 Przegendza, jej rodzic\u00f3w oraz Rozali\u0119 i Aleksandra [&hellip;]<\/p>\n","protected":false},"author":2,"featured_media":1868,"comment_status":"closed","ping_status":"open","sticky":false,"template":"","format":"standard","meta":{"_uag_custom_page_level_css":"","site-sidebar-layout":"default","site-content-layout":"","ast-site-content-layout":"normal-width-container","site-content-style":"default","site-sidebar-style":"default","ast-global-header-display":"","ast-banner-title-visibility":"","ast-main-header-display":"","ast-hfb-above-header-display":"","ast-hfb-below-header-display":"","ast-hfb-mobile-header-display":"","site-post-title":"","ast-breadcrumbs-content":"","ast-featured-img":"","footer-sml-layout":"","ast-disable-related-posts":"","theme-transparent-header-meta":"disabled","adv-header-id-meta":"","stick-header-meta":"","header-above-stick-meta":"","header-main-stick-meta":"","header-below-stick-meta":"","astra-migrate-meta-layouts":"set","ast-page-background-enabled":"default","ast-page-background-meta":{"desktop":{"background-color":"","background-image":"","background-repeat":"repeat","background-position":"center center","background-size":"auto","background-attachment":"scroll","background-type":"","background-media":"","overlay-type":"","overlay-color":"","overlay-opacity":"","overlay-gradient":""},"tablet":{"background-color":"","background-image":"","background-repeat":"repeat","background-position":"center center","background-size":"auto","background-attachment":"scroll","background-type":"","background-media":"","overlay-type":"","overlay-color":"","overlay-opacity":"","overlay-gradient":""},"mobile":{"background-color":"","background-image":"","background-repeat":"repeat","background-position":"center center","background-size":"auto","background-attachment":"scroll","background-type":"","background-media":"","overlay-type":"","overlay-color":"","overlay-opacity":"","overlay-gradient":""}},"ast-content-background-meta":{"desktop":{"background-color":"var(--ast-global-color-5)","background-image":"","background-repeat":"repeat","background-position":"center center","background-size":"auto","background-attachment":"scroll","background-type":"","background-media":"","overlay-type":"","overlay-color":"","overlay-opacity":"","overlay-gradient":""},"tablet":{"background-color":"var(--ast-global-color-5)","background-image":"","background-repeat":"repeat","background-position":"center center","background-size":"auto","background-attachment":"scroll","background-type":"","background-media":"","overlay-type":"","overlay-color":"","overlay-opacity":"","overlay-gradient":""},"mobile":{"background-color":"var(--ast-global-color-5)","background-image":"","background-repeat":"repeat","background-position":"center center","background-size":"auto","background-attachment":"scroll","background-type":"","background-media":"","overlay-type":"","overlay-color":"","overlay-opacity":"","overlay-gradient":""}},"footnotes":""},"categories":[8],"tags":[],"uagb_featured_image_src":{"full":["https:\/\/www.parafiabrzezinka.eu\/test3\/wp-content\/uploads\/2023\/07\/intencje.jpg",900,576,false],"thumbnail":["https:\/\/www.parafiabrzezinka.eu\/test3\/wp-content\/uploads\/2023\/07\/intencje-150x150.jpg",150,150,true],"medium":["https:\/\/www.parafiabrzezinka.eu\/test3\/wp-content\/uploads\/2023\/07\/intencje-300x192.jpg",300,192,true],"medium_large":["https:\/\/www.parafiabrzezinka.eu\/test3\/wp-content\/uploads\/2023\/07\/intencje-768x492.jpg",768,492,true],"large":["https:\/\/www.parafiabrzezinka.eu\/test3\/wp-content\/uploads\/2023\/07\/intencje.jpg",900,576,false],"1536x1536":["https:\/\/www.parafiabrzezinka.eu\/test3\/wp-content\/uploads\/2023\/07\/intencje.jpg",900,576,false],"2048x2048":["https:\/\/www.parafiabrzezinka.eu\/test3\/wp-content\/uploads\/2023\/07\/intencje.jpg",900,576,false]},"uagb_author_info":{"display_name":"Andrzej Hoinkis","author_link":"https:\/\/www.parafiabrzezinka.eu\/test3\/author\/ahoinkis\/"},"uagb_comment_info":0,"uagb_excerpt":"Intencje Mszy \u015awi\u0119tych 30 lipca &#8211; 6 sierpnia 2023 r. Niedziela, 30 lipca &#8211; 17 Niedziela Zwyk\u0142a 6.30 Za ++ Zofi\u0119 i J\u00f3zefa Dziwak oraz ++ z rodziny 8.00 Za ++ Mari\u0119 i Stanis\u0142awa Klakus, Iren\u0119 Peclow oraz ++ rodzic\u00f3w z obu str. 9.30 Za ++ \u017con\u0119 Dorot\u0119 Przegendza, jej rodzic\u00f3w oraz Rozali\u0119 i Aleksandra&hellip;","_links":{"self":[{"href":"https:\/\/www.parafiabrzezinka.eu\/test3\/wp-json\/wp\/v2\/posts\/2784"}],"collection":[{"href":"https:\/\/www.parafiabrzezinka.eu\/test3\/wp-json\/wp\/v2\/posts"}],"about":[{"href":"https:\/\/www.parafiabrzezinka.eu\/test3\/wp-json\/wp\/v2\/types\/post"}],"author":[{"embeddable":true,"href":"https:\/\/www.parafiabrzezinka.eu\/test3\/wp-json\/wp\/v2\/users\/2"}],"replies":[{"embeddable":true,"href":"https:\/\/www.parafiabrzezinka.eu\/test3\/wp-json\/wp\/v2\/comments?post=2784"}],"version-history":[{"count":4,"href":"https:\/\/www.parafiabrzezinka.eu\/test3\/wp-json\/wp\/v2\/posts\/2784\/revisions"}],"predecessor-version":[{"id":2788,"href":"https:\/\/www.parafiabrzezinka.eu\/test3\/wp-json\/wp\/v2\/posts\/2784\/revisions\/2788"}],"wp:featuredmedia":[{"embeddable":true,"href":"https:\/\/www.parafiabrzezinka.eu\/test3\/wp-json\/wp\/v2\/media\/1868"}],"wp:attachment":[{"href":"https:\/\/www.parafiabrzezinka.eu\/test3\/wp-json\/wp\/v2\/media?parent=2784"}],"wp:term":[{"taxonomy":"category","embeddable":true,"href":"https:\/\/www.parafiabrzezinka.eu\/test3\/wp-json\/wp\/v2\/categories?post=2784"},{"taxonomy":"post_tag","embeddable":true,"href":"https:\/\/www.parafiabrzezinka.eu\/test3\/wp-json\/wp\/v2\/tags?post=2784"}],"curies":[{"name":"wp","href":"https:\/\/api.w.org\/{rel}","templated":true}]}}