{"id":2779,"date":"2023-09-06T21:10:18","date_gmt":"2023-09-06T19:10:18","guid":{"rendered":"http:\/\/www.parafiabrzezinka.eu\/test3\/?p=2779"},"modified":"2023-09-06T21:12:25","modified_gmt":"2023-09-06T19:12:25","slug":"ogloszenia-parafialne-03-09-2023","status":"publish","type":"post","link":"https:\/\/www.parafiabrzezinka.eu\/test3\/ogloszenia-parafialne-03-09-2023\/","title":{"rendered":"Og\u0142oszenia parafialne 03.09.2023"},"content":{"rendered":"\t\t<div data-elementor-type=\"wp-post\" data-elementor-id=\"2779\" class=\"elementor elementor-2779\">\n\t\t\t\t\t\t<section class=\"elementor-section elementor-top-section elementor-element elementor-element-f87d94b elementor-section-boxed elementor-section-height-default elementor-section-height-default\" data-id=\"f87d94b\" data-element_type=\"section\">\n\t\t\t\t\t\t<div class=\"elementor-container elementor-column-gap-default\">\n\t\t\t\t\t<div class=\"elementor-column elementor-col-100 elementor-top-column elementor-element elementor-element-91207bf\" data-id=\"91207bf\" data-element_type=\"column\">\n\t\t\t<div class=\"elementor-widget-wrap elementor-element-populated\">\n\t\t\t\t\t\t<div class=\"elementor-element elementor-element-5c3d6c6 elementor-widget elementor-widget-heading\" data-id=\"5c3d6c6\" data-element_type=\"widget\" data-widget_type=\"heading.default\">\n\t\t\t\t<div class=\"elementor-widget-container\">\n\t\t\t\t\t<h3 class=\"elementor-heading-title elementor-size-default\">Og\u0142oszenia duszpasterskie\n22 Niedziela Zwyk\u0142a - 3 wrze\u015bnia 2023 r. \u2013 Do\u017cynki parafialne<\/h3>\t\t\t\t<\/div>\n\t\t\t\t<\/div>\n\t\t\t\t\t<\/div>\n\t\t<\/div>\n\t\t\t\t\t<\/div>\n\t\t<\/section>\n\t\t\t\t<section class=\"elementor-section elementor-top-section elementor-element elementor-element-58a2aa3 elementor-section-boxed elementor-section-height-default elementor-section-height-default\" data-id=\"58a2aa3\" data-element_type=\"section\">\n\t\t\t\t\t\t<div class=\"elementor-container elementor-column-gap-default\">\n\t\t\t\t\t<div class=\"elementor-column elementor-col-100 elementor-top-column elementor-element elementor-element-0eea54f\" data-id=\"0eea54f\" data-element_type=\"column\">\n\t\t\t<div class=\"elementor-widget-wrap elementor-element-populated\">\n\t\t\t\t\t\t<div class=\"elementor-element elementor-element-e0de5b1 elementor-widget elementor-widget-text-editor\" data-id=\"e0de5b1\" data-element_type=\"widget\" data-widget_type=\"text-editor.default\">\n\t\t\t\t<div class=\"elementor-widget-container\">\n\t\t\t\t\t\t\t\t\t<p>Dzi\u015b dzi\u0119kujemy Bogu, kt\u00f3ry nas karmi, kt\u00f3ry b\u0142ogos\u0142awi zasiewom i plonom. Z ca\u0142ego serca wo\u0142amy dzi\u015b: <em>Bo\u017ce z Twoich r\u0105k \u017cyjemy, cho\u0107 naszymi pracujemy\u2026<\/em> Kolekta dzisiejsza przeznaczona jest na potrzeby naszej parafii. \u201eB\u00f3g zap\u0142a\u0107\u201d za wszystkie ofiary.<\/p><p><strong>Dzi\u015b po Mszach o 9.30 i 11.15 w oratorium b\u0119dzie mo\u017cna skorzysta\u0107 z kawiarenki parafialnej &#8211; zje\u015b\u0107 kawa\u0142ek cista i napi\u0107 si\u0119 kawy czy herbaty <\/strong>(na pocz\u0105tek w symbolicznej cenie 1 z\u0142), <strong>a przede wszystkim spotka\u0107 si\u0119 i porozmawia\u0107<\/strong>. Gospodarzem pierwszej kawiarenki jest Parafialna Rada Duszpasterska.<\/p><p><strong>Zapraszamy na Nieszpory niedzielne o 15.00.<\/strong><\/p><p><strong>Ju\u017c od roku s\u0105 w\u015br\u00f3d nas Siostry Jadwi\u017canki Wawelskie<\/strong>. Cieszymy si\u0119 z ich obecno\u015bci i pos\u0142ugi w naszej parafii. Od pa\u017adziernika ma do\u0142\u0105czy\u0107 jeszcze jedna &#8211; <strong>Siostra Emilia<\/strong>.<\/p><p><strong>We wrze\u015bniu w kancelarii parafialnej mo\u017cna rezerwowa\u0107 intencje jubileuszowe, \u201eokr\u0105g\u0142e\u201d rocznice \u015blubu czy urodzin oraz pierwsze rocznice \u015bmierci na 2024 rok<\/strong>, a od pa\u017adziernika b\u0119dziemy rezerwowa\u0107 pozosta\u0142e intencje.<\/p><p><strong>Nowy rok szkolny i katechetyczny<\/strong> rozpoczniemy Msz\u0105 \u015bw. w <strong>poniedzia\u0142ek, 4.09 br. o 9.30<\/strong>. Zapraszamy uczni\u00f3w, rodzic\u00f3w, nauczycieli i pracownik\u00f3w Szko\u0142y Podstawowej. R\u00f3wnie\u017c w poniedzia\u0142ek po Mszy \u015bw. wieczornej (ok. 18.45) w oratorium odb\u0119dzie si\u0119 <strong>spotkanie organizacyjne dla rodzic\u00f3w dzieci klas III<\/strong>, kt\u00f3re w przysz\u0142ym roku maj\u0105 przyst\u0105pi\u0107 do I spowiedzi i I Komunii \u015bw. Natomiast <strong>rodzic\u00f3w, kt\u00f3rzy chc\u0105 pom\u00f3c swoim dzieciom w wieku przedszkolnym lub wczesnoszkolnym przygotowa\u0107 si\u0119 do wczesnej Komunii \u015bw.<\/strong> zapraszamy na spotkanie w przysz\u0142y poniedzia\u0142ek 11.09. br. ok. 18.45 do salki przy probostwie.<\/p><p><strong>\u015awiecka Rodzina b\u0142. E. Bojanowskiego<\/strong> zaprasza cz\u0142onk\u00f3w i zainteresowanych na spotkanie, kt\u00f3re odb\u0119dzie si\u0119 w <strong>\u015brod\u0119, 6.09.br. o 16.00<\/strong> w salce przy probostwie.<\/p><p>W tym tygodniu przypada <strong>I czwartek miesi\u0105ca<\/strong> &#8211; zapraszamy do modlitwy o nowe powo\u0142ania do wy\u0142\u0105cznej s\u0142u\u017cby w Ko\u015bciele. <strong>Adoracja Naj\u015bwi\u0119tszego Sakramentu i okazja do spowiedzi<\/strong> od 17.00.<\/p><p><strong>W pi\u0105tek o 16.30 Msza \u015bw. szkolna<\/strong>, na kt\u00f3r\u0105 serdecznie zapraszamy wszystkie dzieci. Prosimy tak\u017ce, aby nie odk\u0142ada\u0107 spowiedzi \u015bw. ale rozpocz\u0105\u0107 nowy rok szkolny \u2013 rok pracy z czystym sumieniem.<\/p><p>W sobot\u0119 po porannej Mszy \u015bw. <strong>odwiedzimy chorych i os\u0142abionych wiekiem parafian z pos\u0142ug\u0105 sakramentaln\u0105<\/strong>. Prosimy zg\u0142asza\u0107 ich w zakrystii lub w kancelarii.<\/p><p>W niedziel\u0119 o 11.15 Msza \u015bw. <strong>w int.<\/strong> <strong>Ch\u00f3ru <em>Familia<\/em><\/strong> z ok. 19 rocznicy powstania oraz <strong>w int. siostry Moniki &#8211; katechetki<\/strong> &#8211; z okazji jej urodzin. Zapraszamy do \u015bwi\u0119towania.<\/p><p>\u00a0<\/p><p><u>Dzieci i m\u0142odzie\u017c zapraszamy na spotkania formacyjne:<br \/><\/u>&#8211; w pi\u0105tek po Mszy wieczornej <strong>m\u0142odzie\u017c<\/strong> na spotkanie formacyjne;<br \/>&#8211; w sobot\u0119 o 9.00 &#8211; <strong>Ministrant\u00f3w<\/strong> i tych ch\u0142opc\u00f3w, kt\u00f3rzy chcieliby s\u0142u\u017cy\u0107 Bogu przy o\u0142tarzu;<br \/>&#8211; w sobot\u0119 o 9.00 w oratorium &#8211; <strong>Dzieci Maryi<\/strong> oraz ch\u0142opc\u00f3w i dziewcz\u0119ta, kt\u00f3rzy chc\u0105 si\u0119 uczy\u0107 w szkole Maryi.<\/p><p>Serdecznie <strong>zapraszamy wszystkie dzieci<\/strong>, szczeg\u00f3lnie przedszkolak\u00f3w i uczni\u00f3w m\u0142odszych klas <strong>do wsp\u00f3lnego tworzenia ilustracji do niedzielnych Ewangelii<\/strong> w ka\u017cd\u0105 niedziel\u0119 po dzwonach, czyli ok. 11.00, przed o\u0142tarz Mi\u0142osierdzia Bo\u017cego w bocznej nawie.<\/p><p>Kolekta przysz\u0142ej niedzieli b\u0119dzie przeznaczona na potrzeby archidiecezji.<\/p><p><strong>Zach\u0119camy do czytania Go\u015bcia Niedzielnego<\/strong>, w kt\u00f3rym szczeg\u00f3lnie polecamy artyku\u0142y o duchowych potrzebach i oczekiwaniach m\u0142odzie\u017cy oraz o tym, jak je zaspokaja\u0107 w duszpasterstwie i na szkolnych lekcjach religii. U m\u0142odzie\u017cy przed ko\u015bcio\u0142em mo\u017cna naby\u0107 <strong>nowy numer parafialnego czasopisma \u201eSpotkanie\u201d<\/strong>, a w nim m.in. plan wizytacji.<\/p><p>\u00a0<\/p><p><strong>Uczni\u00f3w klas VI, kt\u00f3rzy chcieliby przyst\u0105pi\u0107 w naszej parafii do bierzmowania<\/strong>, a nie chodz\u0105 do naszej SP, prosimy o zabranie z zakrystii deklaracji kandydata do bierzmowania.<\/p><p><strong>Uczni\u00f3w klas VII<\/strong> zapraszamy na spotkanie formacyjne w ramach przygotowania do bierzmowania, kt\u00f3re odb\u0119dzie si\u0119 w <strong>czwartek 7.09. ok. 18.45 w ko\u015bciele<\/strong>.<\/p><p>\u00a0<\/p><p><em><u>W ostatnim czasie zmar\u0142: <br \/><\/u><\/em>&#8211; <strong>\u015bp. Artur Sojka<\/strong>, l. 48.<\/p>\t\t\t\t\t\t\t\t<\/div>\n\t\t\t\t<\/div>\n\t\t\t\t\t<\/div>\n\t\t<\/div>\n\t\t\t\t\t<\/div>\n\t\t<\/section>\n\t\t\t\t<\/div>\n\t\t","protected":false},"excerpt":{"rendered":"<p>Og\u0142oszenia duszpasterskie 22 Niedziela Zwyk\u0142a &#8211; 3 wrze\u015bnia 2023 r. \u2013 Do\u017cynki parafialne Dzi\u015b dzi\u0119kujemy Bogu, kt\u00f3ry nas karmi, kt\u00f3ry b\u0142ogos\u0142awi zasiewom i plonom. Z ca\u0142ego serca wo\u0142amy dzi\u015b: Bo\u017ce z Twoich r\u0105k \u017cyjemy, cho\u0107 naszymi pracujemy\u2026 Kolekta dzisiejsza przeznaczona jest na potrzeby naszej parafii. \u201eB\u00f3g zap\u0142a\u0107\u201d za wszystkie ofiary. Dzi\u015b po Mszach o 9.30 [&hellip;]<\/p>\n","protected":false},"author":2,"featured_media":2509,"comment_status":"closed","ping_status":"open","sticky":false,"template":"","format":"standard","meta":{"_uag_custom_page_level_css":"","site-sidebar-layout":"default","site-content-layout":"","ast-site-content-layout":"normal-width-container","site-content-style":"default","site-sidebar-style":"default","ast-global-header-display":"","ast-banner-title-visibility":"","ast-main-header-display":"","ast-hfb-above-header-display":"","ast-hfb-below-header-display":"","ast-hfb-mobile-header-display":"","site-post-title":"","ast-breadcrumbs-content":"","ast-featured-img":"","footer-sml-layout":"","ast-disable-related-posts":"","theme-transparent-header-meta":"disabled","adv-header-id-meta":"","stick-header-meta":"","header-above-stick-meta":"","header-main-stick-meta":"","header-below-stick-meta":"","astra-migrate-meta-layouts":"set","ast-page-background-enabled":"default","ast-page-background-meta":{"desktop":{"background-color":"","background-image":"","background-repeat":"repeat","background-position":"center center","background-size":"auto","background-attachment":"scroll","background-type":"","background-media":"","overlay-type":"","overlay-color":"","overlay-opacity":"","overlay-gradient":""},"tablet":{"background-color":"","background-image":"","background-repeat":"repeat","background-position":"center center","background-size":"auto","background-attachment":"scroll","background-type":"","background-media":"","overlay-type":"","overlay-color":"","overlay-opacity":"","overlay-gradient":""},"mobile":{"background-color":"","background-image":"","background-repeat":"repeat","background-position":"center center","background-size":"auto","background-attachment":"scroll","background-type":"","background-media":"","overlay-type":"","overlay-color":"","overlay-opacity":"","overlay-gradient":""}},"ast-content-background-meta":{"desktop":{"background-color":"var(--ast-global-color-5)","background-image":"","background-repeat":"repeat","background-position":"center center","background-size":"auto","background-attachment":"scroll","background-type":"","background-media":"","overlay-type":"","overlay-color":"","overlay-opacity":"","overlay-gradient":""},"tablet":{"background-color":"var(--ast-global-color-5)","background-image":"","background-repeat":"repeat","background-position":"center center","background-size":"auto","background-attachment":"scroll","background-type":"","background-media":"","overlay-type":"","overlay-color":"","overlay-opacity":"","overlay-gradient":""},"mobile":{"background-color":"var(--ast-global-color-5)","background-image":"","background-repeat":"repeat","background-position":"center center","background-size":"auto","background-attachment":"scroll","background-type":"","background-media":"","overlay-type":"","overlay-color":"","overlay-opacity":"","overlay-gradient":""}},"footnotes":""},"categories":[9],"tags":[],"uagb_featured_image_src":{"full":["https:\/\/www.parafiabrzezinka.eu\/test3\/wp-content\/uploads\/2023\/08\/pen_t.jpg",630,246,false],"thumbnail":["https:\/\/www.parafiabrzezinka.eu\/test3\/wp-content\/uploads\/2023\/08\/pen_t-150x150.jpg",150,150,true],"medium":["https:\/\/www.parafiabrzezinka.eu\/test3\/wp-content\/uploads\/2023\/08\/pen_t-300x117.jpg",300,117,true],"medium_large":["https:\/\/www.parafiabrzezinka.eu\/test3\/wp-content\/uploads\/2023\/08\/pen_t.jpg",630,246,false],"large":["https:\/\/www.parafiabrzezinka.eu\/test3\/wp-content\/uploads\/2023\/08\/pen_t.jpg",630,246,false],"1536x1536":["https:\/\/www.parafiabrzezinka.eu\/test3\/wp-content\/uploads\/2023\/08\/pen_t.jpg",630,246,false],"2048x2048":["https:\/\/www.parafiabrzezinka.eu\/test3\/wp-content\/uploads\/2023\/08\/pen_t.jpg",630,246,false]},"uagb_author_info":{"display_name":"Andrzej Hoinkis","author_link":"https:\/\/www.parafiabrzezinka.eu\/test3\/author\/ahoinkis\/"},"uagb_comment_info":0,"uagb_excerpt":"Og\u0142oszenia duszpasterskie 22 Niedziela Zwyk\u0142a &#8211; 3 wrze\u015bnia 2023 r. \u2013 Do\u017cynki parafialne Dzi\u015b dzi\u0119kujemy Bogu, kt\u00f3ry nas karmi, kt\u00f3ry b\u0142ogos\u0142awi zasiewom i plonom. Z ca\u0142ego serca wo\u0142amy dzi\u015b: Bo\u017ce z Twoich r\u0105k \u017cyjemy, cho\u0107 naszymi pracujemy\u2026 Kolekta dzisiejsza przeznaczona jest na potrzeby naszej parafii. \u201eB\u00f3g zap\u0142a\u0107\u201d za wszystkie ofiary. Dzi\u015b po Mszach o 9.30&hellip;","_links":{"self":[{"href":"https:\/\/www.parafiabrzezinka.eu\/test3\/wp-json\/wp\/v2\/posts\/2779"}],"collection":[{"href":"https:\/\/www.parafiabrzezinka.eu\/test3\/wp-json\/wp\/v2\/posts"}],"about":[{"href":"https:\/\/www.parafiabrzezinka.eu\/test3\/wp-json\/wp\/v2\/types\/post"}],"author":[{"embeddable":true,"href":"https:\/\/www.parafiabrzezinka.eu\/test3\/wp-json\/wp\/v2\/users\/2"}],"replies":[{"embeddable":true,"href":"https:\/\/www.parafiabrzezinka.eu\/test3\/wp-json\/wp\/v2\/comments?post=2779"}],"version-history":[{"count":4,"href":"https:\/\/www.parafiabrzezinka.eu\/test3\/wp-json\/wp\/v2\/posts\/2779\/revisions"}],"predecessor-version":[{"id":2783,"href":"https:\/\/www.parafiabrzezinka.eu\/test3\/wp-json\/wp\/v2\/posts\/2779\/revisions\/2783"}],"wp:featuredmedia":[{"embeddable":true,"href":"https:\/\/www.parafiabrzezinka.eu\/test3\/wp-json\/wp\/v2\/media\/2509"}],"wp:attachment":[{"href":"https:\/\/www.parafiabrzezinka.eu\/test3\/wp-json\/wp\/v2\/media?parent=2779"}],"wp:term":[{"taxonomy":"category","embeddable":true,"href":"https:\/\/www.parafiabrzezinka.eu\/test3\/wp-json\/wp\/v2\/categories?post=2779"},{"taxonomy":"post_tag","embeddable":true,"href":"https:\/\/www.parafiabrzezinka.eu\/test3\/wp-json\/wp\/v2\/tags?post=2779"}],"curies":[{"name":"wp","href":"https:\/\/api.w.org\/{rel}","templated":true}]}}