{"id":2774,"date":"2023-09-06T21:07:58","date_gmt":"2023-09-06T19:07:58","guid":{"rendered":"http:\/\/www.parafiabrzezinka.eu\/test3\/?p=2774"},"modified":"2023-09-06T21:09:06","modified_gmt":"2023-09-06T19:09:06","slug":"ogloszenia-parafialne-27-08-2023","status":"publish","type":"post","link":"https:\/\/www.parafiabrzezinka.eu\/test3\/ogloszenia-parafialne-27-08-2023\/","title":{"rendered":"Og\u0142oszenia parafialne 27.08.2023"},"content":{"rendered":"\t\t<div data-elementor-type=\"wp-post\" data-elementor-id=\"2774\" class=\"elementor elementor-2774\">\n\t\t\t\t\t\t<section class=\"elementor-section elementor-top-section elementor-element elementor-element-f87d94b elementor-section-boxed elementor-section-height-default elementor-section-height-default\" data-id=\"f87d94b\" data-element_type=\"section\">\n\t\t\t\t\t\t<div class=\"elementor-container elementor-column-gap-default\">\n\t\t\t\t\t<div class=\"elementor-column elementor-col-100 elementor-top-column elementor-element elementor-element-91207bf\" data-id=\"91207bf\" data-element_type=\"column\">\n\t\t\t<div class=\"elementor-widget-wrap elementor-element-populated\">\n\t\t\t\t\t\t<div class=\"elementor-element elementor-element-5c3d6c6 elementor-widget elementor-widget-heading\" data-id=\"5c3d6c6\" data-element_type=\"widget\" data-widget_type=\"heading.default\">\n\t\t\t\t<div class=\"elementor-widget-container\">\n\t\t\t\t\t<h3 class=\"elementor-heading-title elementor-size-default\">Og\u0142oszenia duszpasterskie\n21 Niedziela Zwyk\u0142a - 27 sierpnia 2023 r.<\/h3>\t\t\t\t<\/div>\n\t\t\t\t<\/div>\n\t\t\t\t\t<\/div>\n\t\t<\/div>\n\t\t\t\t\t<\/div>\n\t\t<\/section>\n\t\t\t\t<section class=\"elementor-section elementor-top-section elementor-element elementor-element-58a2aa3 elementor-section-boxed elementor-section-height-default elementor-section-height-default\" data-id=\"58a2aa3\" data-element_type=\"section\">\n\t\t\t\t\t\t<div class=\"elementor-container elementor-column-gap-default\">\n\t\t\t\t\t<div class=\"elementor-column elementor-col-100 elementor-top-column elementor-element elementor-element-0eea54f\" data-id=\"0eea54f\" data-element_type=\"column\">\n\t\t\t<div class=\"elementor-widget-wrap elementor-element-populated\">\n\t\t\t\t\t\t<div class=\"elementor-element elementor-element-e0de5b1 elementor-widget elementor-widget-text-editor\" data-id=\"e0de5b1\" data-element_type=\"widget\" data-widget_type=\"text-editor.default\">\n\t\t\t\t<div class=\"elementor-widget-container\">\n\t\t\t\t\t\t\t\t\t<p>Dzisiejsza kolekta przeznaczona jest na bie\u017c\u0105ce potrzeby naszej parafii. Serdeczne B\u00f3g zap\u0142a\u0107 za wszystkie Wasze ofiary.<\/p><p><strong>Dzi\u015b o 15.00 nieszpory niedzielne<\/strong>. Zapraszamy!<\/p><p>W tym tygodniu wypadaj\u0105 <strong>I pi\u0105tek i I sobota miesi\u0105ca<\/strong> \u2013 zach\u0119camy do spowiedzi i Komunii \u015bw. wynagradzaj\u0105cej.<\/p><p>Dzieci, m\u0142odzie\u017c i doros\u0142ych zach\u0119camy do skorzystania z sakramentu pokuty i pojednania, by nowy rok szkolny \/ rok pracy rozpocz\u0105\u0107 z czystym sumieniem. <strong>Okazja jak zawsze p\u00f3\u0142 godziny przed Msz\u0105 \u015bw., w czwartek w czasie Adoracji Naj\u015bwi\u0119tszego Sakramentu od 17.00 oraz w pi\u0105tek i sobot\u0119 r\u00f3wnie\u017c od 17.00.<\/strong><\/p><p><strong>W przysz\u0142\u0105 niedziel\u0119 <\/strong>o godz. 9.30 b\u0119dziemy \u015bwi\u0119towa\u0107 tradycyjne <strong>do\u017cynki wsp\u00f3lnie w intencji rolnik\u00f3w i w intencji dzia\u0142kowc\u00f3w<\/strong>. P\u0142ody rolne do wystroju ko\u015bcio\u0142a mo\u017cna przynie\u015b\u0107 w czwartek i pi\u0105tek (31 sierpnia i 1 wrze\u015bnia). R\u00f3wnie\u017c w najbli\u017csz\u0105 niedziel\u0119 po Mszy \u015bw. rodzinnej pob\u0142ogos\u0142awimy tornistry i przybory szkolne uczniom pierwszych klas.<\/p><p>Kolekta przysz\u0142ej niedzieli b\u0119dzie na bie\u017c\u0105ce potrzeby naszej parafii.<\/p><p>W przysz\u0142a niedziel\u0119 b\u0119dzie tak\u017ce <strong>premiera kawiarenki parafialnej<\/strong> &#8211; <strong>po Mszach o 9.30 i 11.15 w oratorium b\u0119dzie mo\u017cna zje\u015b\u0107 kawa\u0142ek cista i napi\u0107 si\u0119 kawy<\/strong> <strong>czy herbaty<\/strong> (na pocz\u0105tek w symbolicznej cenie 1 z\u0142), <strong>a przede wszystkim spotka\u0107 si\u0119 i pogada\u0107<\/strong>. Gospodarzem pierwszej kawiarenki b\u0119dzie Parafialna Rada Duszpasterska.<\/p><p><strong>Nowy rok szkolny i katechetyczny rozpoczniemy Msz\u0105 \u015bw. w poniedzia\u0142ek, 4 wrze\u015bnia br. o godz. 9.30. <\/strong>Zapraszamy uczni\u00f3w, rodzic\u00f3w, nauczycieli i pracownik\u00f3w Szko\u0142y Podstawowej. R\u00f3wnie\u017c w poniedzia\u0142ek 4 wrze\u015bnia po Mszy \u015bw. wieczornej (ok. 18.45) w oratorium odb\u0119dzie si\u0119 <strong>spotkanie organizacyjne dla rodzic\u00f3w dzieci klas III<\/strong>, kt\u00f3re w przysz\u0142ym roku maj\u0105 przyst\u0105pi\u0107 do I spowiedzi i I Komunii \u015bw.<\/p><p><strong>W tym tygodniu jeszcze wakacyjny porz\u0105dek pracy kancelarii parafialnej. Od wtorku 5 wrze\u015bnia przez ca\u0142y wrzesie\u0144 b\u0119dziemy rezerwowa\u0107 intencje jubileuszowe, \u201eokr\u0105g\u0142e\u201d rocznice \u015blubu czy urodzin oraz pierwsze rocznice \u015bmierci<\/strong> na nowy rok, a od pa\u017adziernika b\u0119dziemy rezerwowa\u0107 pozosta\u0142e intencje.<\/p><p>\u00a0<\/p><p><strong>Polecamy najnowszy numer <em>Go\u015bcia Niedzielnego<\/em><\/strong>, a w nim na zako\u0144czenie miesi\u0105ca trze\u017awo\u015bci piszemy o znaczeniu duchowo\u015bci w procesie wyprowadzania ludzi z uzale\u017cnie\u0144. Polecamy tak\u017ce osobiste \u015bwiadectwa dziennikarzy tygodnika o tym, jakie znaczenie dla ich \u017cycia ma ikona Matki Bo\u017cej Cz\u0119stochowskiej. <strong>Jest te\u017c wrze\u015bniowy numer Ma\u0142ego Go\u015bcia Niedzielnego<\/strong> a w nim m. in. o filmikach na Tik Toku i recepcie na pi\u0119kne \u017cycie, oraz magnes &#8211; zak\u0142adka do ksi\u0105\u017cki z wizerunkiem rodziny Ulm\u00f3w.<\/p><p>\u00a0<\/p><p><strong>W czwartek 31.08.2023 r. od godz. 13.00 w Przychodni Lekarskiej \u201eGam\u017ca\u201d<\/strong> przy ul. Reja 18b odb\u0119d\u0105 si\u0119 odp\u0142atne (78 z\u0142\/badanie) <strong>badania USG<\/strong>. Szczeg\u00f3\u0142y w przychodni i na plakacie w przedsionku ko\u015bcio\u0142a.<\/p><p><strong>Rada Dzielnicy Brzezinka<\/strong> zaprasza na biesiad\u0119, kt\u00f3ra odb\u0119dzie si\u0119 <strong>3 wrze\u015bnia<\/strong> <strong>br.<\/strong> <strong>przy kinie ZNICZ<\/strong>.<\/p>\t\t\t\t\t\t\t\t<\/div>\n\t\t\t\t<\/div>\n\t\t\t\t\t<\/div>\n\t\t<\/div>\n\t\t\t\t\t<\/div>\n\t\t<\/section>\n\t\t\t\t<\/div>\n\t\t","protected":false},"excerpt":{"rendered":"<p>Og\u0142oszenia duszpasterskie 21 Niedziela Zwyk\u0142a &#8211; 27 sierpnia 2023 r. Dzisiejsza kolekta przeznaczona jest na bie\u017c\u0105ce potrzeby naszej parafii. Serdeczne B\u00f3g zap\u0142a\u0107 za wszystkie Wasze ofiary. Dzi\u015b o 15.00 nieszpory niedzielne. Zapraszamy! W tym tygodniu wypadaj\u0105 I pi\u0105tek i I sobota miesi\u0105ca \u2013 zach\u0119camy do spowiedzi i Komunii \u015bw. wynagradzaj\u0105cej. Dzieci, m\u0142odzie\u017c i doros\u0142ych zach\u0119camy [&hellip;]<\/p>\n","protected":false},"author":2,"featured_media":2509,"comment_status":"closed","ping_status":"open","sticky":false,"template":"","format":"standard","meta":{"_uag_custom_page_level_css":"","site-sidebar-layout":"default","site-content-layout":"","ast-site-content-layout":"normal-width-container","site-content-style":"default","site-sidebar-style":"default","ast-global-header-display":"","ast-banner-title-visibility":"","ast-main-header-display":"","ast-hfb-above-header-display":"","ast-hfb-below-header-display":"","ast-hfb-mobile-header-display":"","site-post-title":"","ast-breadcrumbs-content":"","ast-featured-img":"","footer-sml-layout":"","ast-disable-related-posts":"","theme-transparent-header-meta":"disabled","adv-header-id-meta":"","stick-header-meta":"","header-above-stick-meta":"","header-main-stick-meta":"","header-below-stick-meta":"","astra-migrate-meta-layouts":"set","ast-page-background-enabled":"default","ast-page-background-meta":{"desktop":{"background-color":"","background-image":"","background-repeat":"repeat","background-position":"center center","background-size":"auto","background-attachment":"scroll","background-type":"","background-media":"","overlay-type":"","overlay-color":"","overlay-opacity":"","overlay-gradient":""},"tablet":{"background-color":"","background-image":"","background-repeat":"repeat","background-position":"center center","background-size":"auto","background-attachment":"scroll","background-type":"","background-media":"","overlay-type":"","overlay-color":"","overlay-opacity":"","overlay-gradient":""},"mobile":{"background-color":"","background-image":"","background-repeat":"repeat","background-position":"center center","background-size":"auto","background-attachment":"scroll","background-type":"","background-media":"","overlay-type":"","overlay-color":"","overlay-opacity":"","overlay-gradient":""}},"ast-content-background-meta":{"desktop":{"background-color":"var(--ast-global-color-5)","background-image":"","background-repeat":"repeat","background-position":"center center","background-size":"auto","background-attachment":"scroll","background-type":"","background-media":"","overlay-type":"","overlay-color":"","overlay-opacity":"","overlay-gradient":""},"tablet":{"background-color":"var(--ast-global-color-5)","background-image":"","background-repeat":"repeat","background-position":"center center","background-size":"auto","background-attachment":"scroll","background-type":"","background-media":"","overlay-type":"","overlay-color":"","overlay-opacity":"","overlay-gradient":""},"mobile":{"background-color":"var(--ast-global-color-5)","background-image":"","background-repeat":"repeat","background-position":"center center","background-size":"auto","background-attachment":"scroll","background-type":"","background-media":"","overlay-type":"","overlay-color":"","overlay-opacity":"","overlay-gradient":""}},"footnotes":""},"categories":[9],"tags":[],"uagb_featured_image_src":{"full":["https:\/\/www.parafiabrzezinka.eu\/test3\/wp-content\/uploads\/2023\/08\/pen_t.jpg",630,246,false],"thumbnail":["https:\/\/www.parafiabrzezinka.eu\/test3\/wp-content\/uploads\/2023\/08\/pen_t-150x150.jpg",150,150,true],"medium":["https:\/\/www.parafiabrzezinka.eu\/test3\/wp-content\/uploads\/2023\/08\/pen_t-300x117.jpg",300,117,true],"medium_large":["https:\/\/www.parafiabrzezinka.eu\/test3\/wp-content\/uploads\/2023\/08\/pen_t.jpg",630,246,false],"large":["https:\/\/www.parafiabrzezinka.eu\/test3\/wp-content\/uploads\/2023\/08\/pen_t.jpg",630,246,false],"1536x1536":["https:\/\/www.parafiabrzezinka.eu\/test3\/wp-content\/uploads\/2023\/08\/pen_t.jpg",630,246,false],"2048x2048":["https:\/\/www.parafiabrzezinka.eu\/test3\/wp-content\/uploads\/2023\/08\/pen_t.jpg",630,246,false]},"uagb_author_info":{"display_name":"Andrzej Hoinkis","author_link":"https:\/\/www.parafiabrzezinka.eu\/test3\/author\/ahoinkis\/"},"uagb_comment_info":0,"uagb_excerpt":"Og\u0142oszenia duszpasterskie 21 Niedziela Zwyk\u0142a &#8211; 27 sierpnia 2023 r. Dzisiejsza kolekta przeznaczona jest na bie\u017c\u0105ce potrzeby naszej parafii. Serdeczne B\u00f3g zap\u0142a\u0107 za wszystkie Wasze ofiary. Dzi\u015b o 15.00 nieszpory niedzielne. Zapraszamy! W tym tygodniu wypadaj\u0105 I pi\u0105tek i I sobota miesi\u0105ca \u2013 zach\u0119camy do spowiedzi i Komunii \u015bw. wynagradzaj\u0105cej. Dzieci, m\u0142odzie\u017c i doros\u0142ych zach\u0119camy&hellip;","_links":{"self":[{"href":"https:\/\/www.parafiabrzezinka.eu\/test3\/wp-json\/wp\/v2\/posts\/2774"}],"collection":[{"href":"https:\/\/www.parafiabrzezinka.eu\/test3\/wp-json\/wp\/v2\/posts"}],"about":[{"href":"https:\/\/www.parafiabrzezinka.eu\/test3\/wp-json\/wp\/v2\/types\/post"}],"author":[{"embeddable":true,"href":"https:\/\/www.parafiabrzezinka.eu\/test3\/wp-json\/wp\/v2\/users\/2"}],"replies":[{"embeddable":true,"href":"https:\/\/www.parafiabrzezinka.eu\/test3\/wp-json\/wp\/v2\/comments?post=2774"}],"version-history":[{"count":4,"href":"https:\/\/www.parafiabrzezinka.eu\/test3\/wp-json\/wp\/v2\/posts\/2774\/revisions"}],"predecessor-version":[{"id":2778,"href":"https:\/\/www.parafiabrzezinka.eu\/test3\/wp-json\/wp\/v2\/posts\/2774\/revisions\/2778"}],"wp:featuredmedia":[{"embeddable":true,"href":"https:\/\/www.parafiabrzezinka.eu\/test3\/wp-json\/wp\/v2\/media\/2509"}],"wp:attachment":[{"href":"https:\/\/www.parafiabrzezinka.eu\/test3\/wp-json\/wp\/v2\/media?parent=2774"}],"wp:term":[{"taxonomy":"category","embeddable":true,"href":"https:\/\/www.parafiabrzezinka.eu\/test3\/wp-json\/wp\/v2\/categories?post=2774"},{"taxonomy":"post_tag","embeddable":true,"href":"https:\/\/www.parafiabrzezinka.eu\/test3\/wp-json\/wp\/v2\/tags?post=2774"}],"curies":[{"name":"wp","href":"https:\/\/api.w.org\/{rel}","templated":true}]}}