{"id":2754,"date":"2023-09-06T21:00:25","date_gmt":"2023-09-06T19:00:25","guid":{"rendered":"http:\/\/www.parafiabrzezinka.eu\/test3\/?p=2754"},"modified":"2023-09-06T21:07:16","modified_gmt":"2023-09-06T19:07:16","slug":"ogloszenia-parafialne-20-08-2023","status":"publish","type":"post","link":"https:\/\/www.parafiabrzezinka.eu\/test3\/ogloszenia-parafialne-20-08-2023\/","title":{"rendered":"Og\u0142oszenia parafialne 20.08.2023"},"content":{"rendered":"\t\t<div data-elementor-type=\"wp-post\" data-elementor-id=\"2754\" class=\"elementor elementor-2754\">\n\t\t\t\t\t\t<section class=\"elementor-section elementor-top-section elementor-element elementor-element-f87d94b elementor-section-boxed elementor-section-height-default elementor-section-height-default\" data-id=\"f87d94b\" data-element_type=\"section\">\n\t\t\t\t\t\t<div class=\"elementor-container elementor-column-gap-default\">\n\t\t\t\t\t<div class=\"elementor-column elementor-col-100 elementor-top-column elementor-element elementor-element-91207bf\" data-id=\"91207bf\" data-element_type=\"column\">\n\t\t\t<div class=\"elementor-widget-wrap elementor-element-populated\">\n\t\t\t\t\t\t<div class=\"elementor-element elementor-element-5c3d6c6 elementor-widget elementor-widget-heading\" data-id=\"5c3d6c6\" data-element_type=\"widget\" data-widget_type=\"heading.default\">\n\t\t\t\t<div class=\"elementor-widget-container\">\n\t\t\t\t\t<h3 class=\"elementor-heading-title elementor-size-default\">Og\u0142oszenia duszpasterskie\n20 Niedziela Zwyk\u0142a - 20 sierpnia 2023 r.<\/h3>\t\t\t\t<\/div>\n\t\t\t\t<\/div>\n\t\t\t\t\t<\/div>\n\t\t<\/div>\n\t\t\t\t\t<\/div>\n\t\t<\/section>\n\t\t\t\t<section class=\"elementor-section elementor-top-section elementor-element elementor-element-58a2aa3 elementor-section-boxed elementor-section-height-default elementor-section-height-default\" data-id=\"58a2aa3\" data-element_type=\"section\">\n\t\t\t\t\t\t<div class=\"elementor-container elementor-column-gap-default\">\n\t\t\t\t\t<div class=\"elementor-column elementor-col-100 elementor-top-column elementor-element elementor-element-0eea54f\" data-id=\"0eea54f\" data-element_type=\"column\">\n\t\t\t<div class=\"elementor-widget-wrap elementor-element-populated\">\n\t\t\t\t\t\t<div class=\"elementor-element elementor-element-e0de5b1 elementor-widget elementor-widget-text-editor\" data-id=\"e0de5b1\" data-element_type=\"widget\" data-widget_type=\"text-editor.default\">\n\t\t\t\t<div class=\"elementor-widget-container\">\n\t\t\t\t\t\t\t\t\t<p>Dzi\u015b odbywa si\u0119 pielgrzymka kobiet i dziewcz\u0105t do MB Piekarskiej. \u0141\u0105czmy si\u0119 w\u00a0modlitwie z pielgrzymuj\u0105cymi i pro\u015bmy o obfite Bo\u017ce b\u0142ogos\u0142awie\u0144stwo dla nich.<\/p><p>Dzisiejsza kolekta przeznaczona jest na potrzeby remontowe naszej parafii. Serdeczne B\u00f3g zap\u0142a\u0107 za wszystkie Wasze ofiary.<\/p><p><strong>Dzi\u015b o 15.00 nieszpory niedzielne<\/strong>. Zapraszamy!<\/p><p>W czwartek &#8211;<strong> adoracja Naj\u015bwi\u0119tszego Sakramentu <\/strong>i okazja do spowiedzi od 17.00.<\/p><p>Kolekta przysz\u0142ej niedzieli b\u0119dzie przeznaczona na bie\u017c\u0105ce potrzeby naszej parafii.<\/p><p><strong>Polecamy najnowszy numer <em>Go\u015bcia Niedzielnego<\/em><\/strong>, a w nim m.in. artyku\u0142: \u201eProdukt katolickopodobny\u201d &#8211; o tym, dlaczego wielu ludzi wierzy fa\u0142szywym przewodnikom duchowym.<\/p><p>Dzi\u015b <strong>w ramach akcji \u201eTornister pe\u0142en u\u015bmiech\u00f3w\u201d <\/strong>mo\u017cna zabra\u0107 plecaki dostarczone przez <em>Caritas<\/em>, kt\u00f3re prosimy, by wype\u0142ni\u0107 przyborami szkolnymi, a nast\u0119pnie wype\u0142nione przynie\u015b\u0107 do ko\u015bcio\u0142a do 31.08., by mog\u0142y s\u0142u\u017cy\u0107 ubo\u017cszym uczniom jednej ze \u015bwietlic <em>Caritas<\/em> w rozpoczynaj\u0105cym si\u0119 roku szkolnym.<\/p><p><strong>Do\u017cynki<\/strong> tradycyjnie b\u0119dziemy \u015bwi\u0119towa\u0107 w pierwsz\u0105 niedziel\u0119 wrze\u015bnia (03.09.2023\u00a0r.) o godz. 9.30 wsp\u00f3lnie w intencji rolnik\u00f3w i w intencji dzia\u0142kowc\u00f3w. P\u0142ody rolne do wystroju ko\u015bcio\u0142a mo\u017cna przynie\u015b\u0107 w czwartek i pi\u0105tek (31 sierpnia i 1 wrze\u015bnia).<\/p><p><strong>W czwartek 24 sierpnia 2023 r. od godz. 8.00-12.00 w Remizie OSP w Kosztowach<\/strong> (ul.\u00a0G\u00f3rno\u015bl\u0105ska 60) odb\u0119dzie si\u0119 Akcja Honorowego Krwiodawstwa po\u0142\u0105czona z festynem rodzinnym i zbi\u00f3rk\u0105 na Hospicjum <em>Cordis<\/em> w Katowicach.<\/p><p><strong>W czwartek 31.08.2023 r. od godz. 13.00 w Przychodni Lekarskiej \u201eGam\u017ca\u201d<\/strong> przy ul. Reja 18b odb\u0119d\u0105 si\u0119 <strong>badania USG<\/strong> Doppler przep\u0142yw\u00f3w szyjnych i ko\u0144czyn dolnych, USG tarczycy, USG nerek, USG p\u0142uc, USG staw\u00f3w, USG piersi oraz echo serca. Badania s\u0105 odp\u0142atne (78 z\u0142\/badanie). Rejestracja wy\u0142\u0105cznie telefoniczna. Szczeg\u00f3\u0142y w przychodni i na plakacie w przedsionku ko\u015bcio\u0142a.<\/p><p><strong>W imieniu poszkodowanych wskutek powodzi na S\u0142owenii dzi\u0119kujemy za Wasz dar materialny<\/strong> &#8211; w czasie zbi\u00f3rki w Uroczysto\u015b\u0107 Wniebowzi\u0119cia NMP.<\/p><p><em><u>W ostatnim czasie zmar\u0142: <br \/><\/u><\/em>&#8211; \u015bp. <strong>Jan Wo\u017anica<\/strong>, l. 79.<\/p>\t\t\t\t\t\t\t\t<\/div>\n\t\t\t\t<\/div>\n\t\t\t\t\t<\/div>\n\t\t<\/div>\n\t\t\t\t\t<\/div>\n\t\t<\/section>\n\t\t\t\t<\/div>\n\t\t","protected":false},"excerpt":{"rendered":"<p>Og\u0142oszenia duszpasterskie 20 Niedziela Zwyk\u0142a &#8211; 20 sierpnia 2023 r. Dzi\u015b odbywa si\u0119 pielgrzymka kobiet i dziewcz\u0105t do MB Piekarskiej. \u0141\u0105czmy si\u0119 w\u00a0modlitwie z pielgrzymuj\u0105cymi i pro\u015bmy o obfite Bo\u017ce b\u0142ogos\u0142awie\u0144stwo dla nich. Dzisiejsza kolekta przeznaczona jest na potrzeby remontowe naszej parafii. Serdeczne B\u00f3g zap\u0142a\u0107 za wszystkie Wasze ofiary. Dzi\u015b o 15.00 nieszpory niedzielne. Zapraszamy! [&hellip;]<\/p>\n","protected":false},"author":2,"featured_media":2509,"comment_status":"closed","ping_status":"open","sticky":false,"template":"","format":"standard","meta":{"_uag_custom_page_level_css":"","site-sidebar-layout":"default","site-content-layout":"","ast-site-content-layout":"normal-width-container","site-content-style":"default","site-sidebar-style":"default","ast-global-header-display":"","ast-banner-title-visibility":"","ast-main-header-display":"","ast-hfb-above-header-display":"","ast-hfb-below-header-display":"","ast-hfb-mobile-header-display":"","site-post-title":"","ast-breadcrumbs-content":"","ast-featured-img":"","footer-sml-layout":"","ast-disable-related-posts":"","theme-transparent-header-meta":"disabled","adv-header-id-meta":"","stick-header-meta":"","header-above-stick-meta":"","header-main-stick-meta":"","header-below-stick-meta":"","astra-migrate-meta-layouts":"set","ast-page-background-enabled":"default","ast-page-background-meta":{"desktop":{"background-color":"","background-image":"","background-repeat":"repeat","background-position":"center center","background-size":"auto","background-attachment":"scroll","background-type":"","background-media":"","overlay-type":"","overlay-color":"","overlay-opacity":"","overlay-gradient":""},"tablet":{"background-color":"","background-image":"","background-repeat":"repeat","background-position":"center center","background-size":"auto","background-attachment":"scroll","background-type":"","background-media":"","overlay-type":"","overlay-color":"","overlay-opacity":"","overlay-gradient":""},"mobile":{"background-color":"","background-image":"","background-repeat":"repeat","background-position":"center center","background-size":"auto","background-attachment":"scroll","background-type":"","background-media":"","overlay-type":"","overlay-color":"","overlay-opacity":"","overlay-gradient":""}},"ast-content-background-meta":{"desktop":{"background-color":"var(--ast-global-color-5)","background-image":"","background-repeat":"repeat","background-position":"center center","background-size":"auto","background-attachment":"scroll","background-type":"","background-media":"","overlay-type":"","overlay-color":"","overlay-opacity":"","overlay-gradient":""},"tablet":{"background-color":"var(--ast-global-color-5)","background-image":"","background-repeat":"repeat","background-position":"center center","background-size":"auto","background-attachment":"scroll","background-type":"","background-media":"","overlay-type":"","overlay-color":"","overlay-opacity":"","overlay-gradient":""},"mobile":{"background-color":"var(--ast-global-color-5)","background-image":"","background-repeat":"repeat","background-position":"center center","background-size":"auto","background-attachment":"scroll","background-type":"","background-media":"","overlay-type":"","overlay-color":"","overlay-opacity":"","overlay-gradient":""}},"footnotes":""},"categories":[9],"tags":[],"uagb_featured_image_src":{"full":["https:\/\/www.parafiabrzezinka.eu\/test3\/wp-content\/uploads\/2023\/08\/pen_t.jpg",630,246,false],"thumbnail":["https:\/\/www.parafiabrzezinka.eu\/test3\/wp-content\/uploads\/2023\/08\/pen_t-150x150.jpg",150,150,true],"medium":["https:\/\/www.parafiabrzezinka.eu\/test3\/wp-content\/uploads\/2023\/08\/pen_t-300x117.jpg",300,117,true],"medium_large":["https:\/\/www.parafiabrzezinka.eu\/test3\/wp-content\/uploads\/2023\/08\/pen_t.jpg",630,246,false],"large":["https:\/\/www.parafiabrzezinka.eu\/test3\/wp-content\/uploads\/2023\/08\/pen_t.jpg",630,246,false],"1536x1536":["https:\/\/www.parafiabrzezinka.eu\/test3\/wp-content\/uploads\/2023\/08\/pen_t.jpg",630,246,false],"2048x2048":["https:\/\/www.parafiabrzezinka.eu\/test3\/wp-content\/uploads\/2023\/08\/pen_t.jpg",630,246,false]},"uagb_author_info":{"display_name":"Andrzej Hoinkis","author_link":"https:\/\/www.parafiabrzezinka.eu\/test3\/author\/ahoinkis\/"},"uagb_comment_info":0,"uagb_excerpt":"Og\u0142oszenia duszpasterskie 20 Niedziela Zwyk\u0142a &#8211; 20 sierpnia 2023 r. Dzi\u015b odbywa si\u0119 pielgrzymka kobiet i dziewcz\u0105t do MB Piekarskiej. \u0141\u0105czmy si\u0119 w\u00a0modlitwie z pielgrzymuj\u0105cymi i pro\u015bmy o obfite Bo\u017ce b\u0142ogos\u0142awie\u0144stwo dla nich. Dzisiejsza kolekta przeznaczona jest na potrzeby remontowe naszej parafii. Serdeczne B\u00f3g zap\u0142a\u0107 za wszystkie Wasze ofiary. Dzi\u015b o 15.00 nieszpory niedzielne. Zapraszamy!&hellip;","_links":{"self":[{"href":"https:\/\/www.parafiabrzezinka.eu\/test3\/wp-json\/wp\/v2\/posts\/2754"}],"collection":[{"href":"https:\/\/www.parafiabrzezinka.eu\/test3\/wp-json\/wp\/v2\/posts"}],"about":[{"href":"https:\/\/www.parafiabrzezinka.eu\/test3\/wp-json\/wp\/v2\/types\/post"}],"author":[{"embeddable":true,"href":"https:\/\/www.parafiabrzezinka.eu\/test3\/wp-json\/wp\/v2\/users\/2"}],"replies":[{"embeddable":true,"href":"https:\/\/www.parafiabrzezinka.eu\/test3\/wp-json\/wp\/v2\/comments?post=2754"}],"version-history":[{"count":7,"href":"https:\/\/www.parafiabrzezinka.eu\/test3\/wp-json\/wp\/v2\/posts\/2754\/revisions"}],"predecessor-version":[{"id":2773,"href":"https:\/\/www.parafiabrzezinka.eu\/test3\/wp-json\/wp\/v2\/posts\/2754\/revisions\/2773"}],"wp:featuredmedia":[{"embeddable":true,"href":"https:\/\/www.parafiabrzezinka.eu\/test3\/wp-json\/wp\/v2\/media\/2509"}],"wp:attachment":[{"href":"https:\/\/www.parafiabrzezinka.eu\/test3\/wp-json\/wp\/v2\/media?parent=2754"}],"wp:term":[{"taxonomy":"category","embeddable":true,"href":"https:\/\/www.parafiabrzezinka.eu\/test3\/wp-json\/wp\/v2\/categories?post=2754"},{"taxonomy":"post_tag","embeddable":true,"href":"https:\/\/www.parafiabrzezinka.eu\/test3\/wp-json\/wp\/v2\/tags?post=2754"}],"curies":[{"name":"wp","href":"https:\/\/api.w.org\/{rel}","templated":true}]}}