{"id":2746,"date":"2023-09-06T20:55:42","date_gmt":"2023-09-06T18:55:42","guid":{"rendered":"http:\/\/www.parafiabrzezinka.eu\/test3\/?p=2746"},"modified":"2023-09-06T21:06:28","modified_gmt":"2023-09-06T19:06:28","slug":"ogloszenia-parafialne-13-08-2023","status":"publish","type":"post","link":"https:\/\/www.parafiabrzezinka.eu\/test3\/ogloszenia-parafialne-13-08-2023\/","title":{"rendered":"Og\u0142oszenia parafialne 13.08.2023"},"content":{"rendered":"\t\t<div data-elementor-type=\"wp-post\" data-elementor-id=\"2746\" class=\"elementor elementor-2746\">\n\t\t\t\t\t\t<section class=\"elementor-section elementor-top-section elementor-element elementor-element-f87d94b elementor-section-boxed elementor-section-height-default elementor-section-height-default\" data-id=\"f87d94b\" data-element_type=\"section\">\n\t\t\t\t\t\t<div class=\"elementor-container elementor-column-gap-default\">\n\t\t\t\t\t<div class=\"elementor-column elementor-col-100 elementor-top-column elementor-element elementor-element-91207bf\" data-id=\"91207bf\" data-element_type=\"column\">\n\t\t\t<div class=\"elementor-widget-wrap elementor-element-populated\">\n\t\t\t\t\t\t<div class=\"elementor-element elementor-element-5c3d6c6 elementor-widget elementor-widget-heading\" data-id=\"5c3d6c6\" data-element_type=\"widget\" data-widget_type=\"heading.default\">\n\t\t\t\t<div class=\"elementor-widget-container\">\n\t\t\t\t\t<h3 class=\"elementor-heading-title elementor-size-default\">Og\u0142oszenia duszpasterskie\n19 Niedziela Zwyk\u0142a - 13 sierpnia 2023 r.<\/h3>\t\t\t\t<\/div>\n\t\t\t\t<\/div>\n\t\t\t\t\t<\/div>\n\t\t<\/div>\n\t\t\t\t\t<\/div>\n\t\t<\/section>\n\t\t\t\t<section class=\"elementor-section elementor-top-section elementor-element elementor-element-58a2aa3 elementor-section-boxed elementor-section-height-default elementor-section-height-default\" data-id=\"58a2aa3\" data-element_type=\"section\">\n\t\t\t\t\t\t<div class=\"elementor-container elementor-column-gap-default\">\n\t\t\t\t\t<div class=\"elementor-column elementor-col-100 elementor-top-column elementor-element elementor-element-0eea54f\" data-id=\"0eea54f\" data-element_type=\"column\">\n\t\t\t<div class=\"elementor-widget-wrap elementor-element-populated\">\n\t\t\t\t\t\t<div class=\"elementor-element elementor-element-e0de5b1 elementor-widget elementor-widget-text-editor\" data-id=\"e0de5b1\" data-element_type=\"widget\" data-widget_type=\"text-editor.default\">\n\t\t\t\t<div class=\"elementor-widget-container\">\n\t\t\t\t\t\t\t\t\t<p>Dzisiejsza kolekta przeznaczona jest na bie\u017c\u0105ce potrzeby naszej parafii. Serdeczne B\u00f3g zap\u0142a\u0107 za wszystkie Wasze ofiary.<\/p><p><strong>Dzi\u015b o 15.00 nieszpory niedzielne, a o 19.00 kolejne nabo\u017ce\u0144stwo fatimskie<\/strong>. Podzi\u0119kowania i pro\u015bby do MB Fatimskiej mo\u017cna wrzuca\u0107 wcze\u015bniej do postumentu pod MB Fatimsk\u0105 lub bezpo\u015brednio przed nabo\u017ce\u0144stwem do kosza na stoliku z ty\u0142u ko\u015bcio\u0142a.<\/p><p>Trwamy w miesi\u0105cu sierpniu, w kt\u00f3rym <strong>zapraszamy do podj\u0119cia postu &#8211; do trze\u017awo\u015bci i\u00a0abstynencji od alkoholu<\/strong>. Na o\u0142tarzu Mi\u0142osierdzia Bo\u017cego jest <strong>parafialna ksi\u0119ga trze\u017awo\u015bci<\/strong>, do kt\u00f3rej mo\u017cna wpisywa\u0107 swoje postanowienia.<\/p><p><strong>We wtorek przypada Uroczysto\u015b\u0107 Wniebowzi\u0119cia NMP. <\/strong>Msze \u015bw. w\u00a0porz\u0105dku niedzielnym, a <strong>Nieszpory Maryjne<\/strong> o 15.00. Jest to <strong>Dzie\u0144 Og\u00f3lnopolskiej Solidarno\u015bci ze S\u0142oweni\u0105<\/strong>. Kolekta tego dnia b\u0119dzie przeznaczona na potrzeby naszej parafii, a po Mszach \u015bw. przed ko\u015bcio\u0142em odb\u0119dzie si\u0119 zbi\u00f3rka finansowa na rzecz poszkodowanych przez pow\u00f3d\u017a w S\u0142owenii. Maryj\u0119 Wniebowzi\u0119t\u0105 nazywamy te\u017c w\u00a0tradycji Matk\u0105 Bo\u017ca zieln\u0105, dlatego <strong>mo\u017cna przynie\u015b\u0107 zio\u0142a i kwiaty<\/strong>, kt\u00f3re pob\u0142ogos\u0142awimy pod koniec ka\u017cdej Mszy \u015bwi\u0119tej. <strong>Kancelaria<\/strong> <strong>we wtorek<\/strong> z racji uroczysto\u015bci <strong>b\u0119dzie nieczynna<\/strong>.<\/p><p>W czwartek przypada uroczysto\u015b\u0107 \u015bw. Jacka, patrona archidiecezji.<strong> Adoracja Naj\u015bwi\u0119tszego Sakramentu<\/strong> i okazja do spowiedzi \u015bw. w <strong>czwartek<\/strong> od 17.00. Pierwsze p\u00f3\u0142 godziny adoracji b\u0119dzie prowadzone przez AD\u015a jako modlitwa o\u00a0powo\u0142ania.<\/p><p>W tym tygodniu wypada <strong>III pi\u0105tek miesi\u0105ca<\/strong>. Zapraszamy na porann\u0105 Msz\u0119 \u015bw. o\u00a0Mi\u0142osierdziu Bo\u017cym i Koronk\u0119 do Mi\u0142osierdzia Bo\u017cego przed wystawionym Naj\u015bwi\u0119tszym Sakramentem.<\/p><p><strong>Polecamy dzisiejszy numer \u201eGo\u015bcia Niedzielnego\u201d<\/strong>, a w nim podsumowanie \u015awiatowych Dni M\u0142odzie\u017cy w Lizbonie oraz o zbli\u017caj\u0105cej si\u0119 podr\u00f3\u017cy relikwii \u015bw. Teresy od Dzieci\u0105tka Jezus po naszym kraju.<\/p><p>Za tydzie\u0144 odb\u0119dzie si\u0119 <strong>tradycyjna pielgrzymka stanowa kobiet i dziewcz\u0105t do MB Piekarskiej<\/strong>. Zach\u0119camy nasze parafianki do pielgrzymowania. S\u0105 jeszcze miejsca w autobusie, kt\u00f3ry wyjedzie sprzed ko\u015bcio\u0142a o godz. 7.00. Koszt 37 z\u0142. Zapisy w zakrystii.<\/p><p>Kolekta przysz\u0142ej niedzieli b\u0119dzie przeznaczona na potrzeby remontowe naszej parafii.<\/p><p>M\u0119\u017cczyzn zapraszamy na wypraw\u0119 w g\u00f3ry &#8211; w <strong>sobot\u0119 19.08.2023 r<\/strong>. na Hal\u0119 Boracz\u0105 i Rysiank\u0119. Wypraw\u0119 organizuje p. Krzysztof Kacperski &#8211; informacje u niego (kontakt w zakrystii).<\/p><p>Jedna ze \u015bwietlic <em>Caritas<\/em> poprosi\u0142a nas o <strong>pomoc w wyposa\u017ceniu dzieci na nowy rok szkolny w ramach akcji \u201eTornister pe\u0142en u\u015bmiech\u00f3w\u201d<\/strong>. W przysz\u0142a niedziel\u0119 b\u0119d\u0105 w naszym ko\u015bciele plecaki dostarczone przez Caritas, kt\u00f3re b\u0119dzie mo\u017cna zabra\u0107 i wype\u0142ni\u0107 przyborami szkolnymi (b\u0119dzie lista najpotrzebniejszych rzeczy), a nast\u0119pnie wype\u0142nione przynie\u015b\u0107 do ko\u015bcio\u0142a do 31.08., by mog\u0142y s\u0142u\u017cy\u0107 ubo\u017cszym uczniom w rozpoczynaj\u0105cym si\u0119 roku szkolnym.<\/p><p><em><u>W ostatnim czasie zmarli:<br \/><\/u><\/em><span style=\"font-size: 16px;\">&#8211; \u015bp. <\/span><strong style=\"font-size: 16px;\">Krystyna Jurczyk<\/strong><span style=\"font-size: 16px;\">, l. 91,<br \/><\/span>&#8211; \u015bp.<strong> Tadeusz Rogala<\/strong>, l. 72.<\/p>\t\t\t\t\t\t\t\t<\/div>\n\t\t\t\t<\/div>\n\t\t\t\t\t<\/div>\n\t\t<\/div>\n\t\t\t\t\t<\/div>\n\t\t<\/section>\n\t\t\t\t<\/div>\n\t\t","protected":false},"excerpt":{"rendered":"<p>Og\u0142oszenia duszpasterskie 19 Niedziela Zwyk\u0142a &#8211; 13 sierpnia 2023 r. Dzisiejsza kolekta przeznaczona jest na bie\u017c\u0105ce potrzeby naszej parafii. Serdeczne B\u00f3g zap\u0142a\u0107 za wszystkie Wasze ofiary. Dzi\u015b o 15.00 nieszpory niedzielne, a o 19.00 kolejne nabo\u017ce\u0144stwo fatimskie. Podzi\u0119kowania i pro\u015bby do MB Fatimskiej mo\u017cna wrzuca\u0107 wcze\u015bniej do postumentu pod MB Fatimsk\u0105 lub bezpo\u015brednio przed nabo\u017ce\u0144stwem [&hellip;]<\/p>\n","protected":false},"author":2,"featured_media":2509,"comment_status":"closed","ping_status":"open","sticky":false,"template":"","format":"standard","meta":{"_uag_custom_page_level_css":"","site-sidebar-layout":"default","site-content-layout":"","ast-site-content-layout":"normal-width-container","site-content-style":"default","site-sidebar-style":"default","ast-global-header-display":"","ast-banner-title-visibility":"","ast-main-header-display":"","ast-hfb-above-header-display":"","ast-hfb-below-header-display":"","ast-hfb-mobile-header-display":"","site-post-title":"","ast-breadcrumbs-content":"","ast-featured-img":"","footer-sml-layout":"","ast-disable-related-posts":"","theme-transparent-header-meta":"disabled","adv-header-id-meta":"","stick-header-meta":"","header-above-stick-meta":"","header-main-stick-meta":"","header-below-stick-meta":"","astra-migrate-meta-layouts":"set","ast-page-background-enabled":"default","ast-page-background-meta":{"desktop":{"background-color":"","background-image":"","background-repeat":"repeat","background-position":"center center","background-size":"auto","background-attachment":"scroll","background-type":"","background-media":"","overlay-type":"","overlay-color":"","overlay-opacity":"","overlay-gradient":""},"tablet":{"background-color":"","background-image":"","background-repeat":"repeat","background-position":"center center","background-size":"auto","background-attachment":"scroll","background-type":"","background-media":"","overlay-type":"","overlay-color":"","overlay-opacity":"","overlay-gradient":""},"mobile":{"background-color":"","background-image":"","background-repeat":"repeat","background-position":"center center","background-size":"auto","background-attachment":"scroll","background-type":"","background-media":"","overlay-type":"","overlay-color":"","overlay-opacity":"","overlay-gradient":""}},"ast-content-background-meta":{"desktop":{"background-color":"var(--ast-global-color-5)","background-image":"","background-repeat":"repeat","background-position":"center center","background-size":"auto","background-attachment":"scroll","background-type":"","background-media":"","overlay-type":"","overlay-color":"","overlay-opacity":"","overlay-gradient":""},"tablet":{"background-color":"var(--ast-global-color-5)","background-image":"","background-repeat":"repeat","background-position":"center center","background-size":"auto","background-attachment":"scroll","background-type":"","background-media":"","overlay-type":"","overlay-color":"","overlay-opacity":"","overlay-gradient":""},"mobile":{"background-color":"var(--ast-global-color-5)","background-image":"","background-repeat":"repeat","background-position":"center center","background-size":"auto","background-attachment":"scroll","background-type":"","background-media":"","overlay-type":"","overlay-color":"","overlay-opacity":"","overlay-gradient":""}},"footnotes":""},"categories":[9],"tags":[],"uagb_featured_image_src":{"full":["https:\/\/www.parafiabrzezinka.eu\/test3\/wp-content\/uploads\/2023\/08\/pen_t.jpg",630,246,false],"thumbnail":["https:\/\/www.parafiabrzezinka.eu\/test3\/wp-content\/uploads\/2023\/08\/pen_t-150x150.jpg",150,150,true],"medium":["https:\/\/www.parafiabrzezinka.eu\/test3\/wp-content\/uploads\/2023\/08\/pen_t-300x117.jpg",300,117,true],"medium_large":["https:\/\/www.parafiabrzezinka.eu\/test3\/wp-content\/uploads\/2023\/08\/pen_t.jpg",630,246,false],"large":["https:\/\/www.parafiabrzezinka.eu\/test3\/wp-content\/uploads\/2023\/08\/pen_t.jpg",630,246,false],"1536x1536":["https:\/\/www.parafiabrzezinka.eu\/test3\/wp-content\/uploads\/2023\/08\/pen_t.jpg",630,246,false],"2048x2048":["https:\/\/www.parafiabrzezinka.eu\/test3\/wp-content\/uploads\/2023\/08\/pen_t.jpg",630,246,false]},"uagb_author_info":{"display_name":"Andrzej Hoinkis","author_link":"https:\/\/www.parafiabrzezinka.eu\/test3\/author\/ahoinkis\/"},"uagb_comment_info":0,"uagb_excerpt":"Og\u0142oszenia duszpasterskie 19 Niedziela Zwyk\u0142a &#8211; 13 sierpnia 2023 r. Dzisiejsza kolekta przeznaczona jest na bie\u017c\u0105ce potrzeby naszej parafii. Serdeczne B\u00f3g zap\u0142a\u0107 za wszystkie Wasze ofiary. Dzi\u015b o 15.00 nieszpory niedzielne, a o 19.00 kolejne nabo\u017ce\u0144stwo fatimskie. Podzi\u0119kowania i pro\u015bby do MB Fatimskiej mo\u017cna wrzuca\u0107 wcze\u015bniej do postumentu pod MB Fatimsk\u0105 lub bezpo\u015brednio przed nabo\u017ce\u0144stwem&hellip;","_links":{"self":[{"href":"https:\/\/www.parafiabrzezinka.eu\/test3\/wp-json\/wp\/v2\/posts\/2746"}],"collection":[{"href":"https:\/\/www.parafiabrzezinka.eu\/test3\/wp-json\/wp\/v2\/posts"}],"about":[{"href":"https:\/\/www.parafiabrzezinka.eu\/test3\/wp-json\/wp\/v2\/types\/post"}],"author":[{"embeddable":true,"href":"https:\/\/www.parafiabrzezinka.eu\/test3\/wp-json\/wp\/v2\/users\/2"}],"replies":[{"embeddable":true,"href":"https:\/\/www.parafiabrzezinka.eu\/test3\/wp-json\/wp\/v2\/comments?post=2746"}],"version-history":[{"count":10,"href":"https:\/\/www.parafiabrzezinka.eu\/test3\/wp-json\/wp\/v2\/posts\/2746\/revisions"}],"predecessor-version":[{"id":2770,"href":"https:\/\/www.parafiabrzezinka.eu\/test3\/wp-json\/wp\/v2\/posts\/2746\/revisions\/2770"}],"wp:featuredmedia":[{"embeddable":true,"href":"https:\/\/www.parafiabrzezinka.eu\/test3\/wp-json\/wp\/v2\/media\/2509"}],"wp:attachment":[{"href":"https:\/\/www.parafiabrzezinka.eu\/test3\/wp-json\/wp\/v2\/media?parent=2746"}],"wp:term":[{"taxonomy":"category","embeddable":true,"href":"https:\/\/www.parafiabrzezinka.eu\/test3\/wp-json\/wp\/v2\/categories?post=2746"},{"taxonomy":"post_tag","embeddable":true,"href":"https:\/\/www.parafiabrzezinka.eu\/test3\/wp-json\/wp\/v2\/tags?post=2746"}],"curies":[{"name":"wp","href":"https:\/\/api.w.org\/{rel}","templated":true}]}}